{"id":16874,"date":"2022-07-20T12:01:49","date_gmt":"2022-07-20T15:01:49","guid":{"rendered":"http:\/\/sefaz.acre.gov.br:80\/2021\/?p=16874"},"modified":"2023-05-19T13:29:54","modified_gmt":"2023-05-19T16:29:54","slug":"portaria-no-366-de-20-de-julho-de-2022","status":"publish","type":"post","link":"https:\/\/sefaz.ac.gov.br\/2021\/?p=16874","title":{"rendered":"PORTARIA N\u00ba 366, DE 20 DE JULHO DE 2022"},"content":{"rendered":"\n<p class=\"wp-block-paragraph\"><strong>O SECRET\u00c1RIO DE ESTADO DA FAZENDA<\/strong>, no uso de suas atribui\u00e7\u00f5es constitucionais e legais que lhe confere o Decreto n\u00ba 10.491, de 12 de novembro de 2021, publicado no Di\u00e1rio Oficial n\u00ba 13.165, de 17 de novembro de 2021; e <\/p>\n\n\n\n<p class=\"wp-block-paragraph\"><strong>CONSIDERANDO<\/strong> o art. 65, II, do Decreto n\u00ba 183, de 6 de outubro de 1975, que aprovou o Regimento Interno da Secretaria de Estado da Fazenda; e<\/p>\n\n\n\n<p class=\"wp-block-paragraph\"><strong>CONSIDERANDO<\/strong> as disposi\u00e7\u00f5es contidas no art. 5\u00ba do Decreto Estadual n\u00ba 5.587, de 12 de agosto de 2010; e<\/p>\n\n\n\n<p class=\"wp-block-paragraph\"><strong>CONSIDERANDO<\/strong> a COMUNICA\u00c7\u00c3O INTERNA N\u00ba 116\/2022\/SEFAZ &#8211; GSARE (SEI 4499665), exarada pela Secretaria Adjunta da Receita Estadual &#8211; SARE; e <\/p>\n\n\n\n<p class=\"wp-block-paragraph\"><strong>CONSIDERANDO<\/strong> o constante dos autos do processo n\u00ba 0715.012495.00088\/2022-91.<\/p>\n\n\n\n<p class=\"wp-block-paragraph\"><strong>RESOLVE:<\/strong><\/p>\n\n\n\n<p class=\"wp-block-paragraph\">Art. 1\u00ba Fica institu\u00eddo o Comit\u00ea para apura\u00e7\u00e3o e avalia\u00e7\u00e3o do resultado do exerc\u00edcio de 2022, da Secretaria de Estado da Fazenda.<\/p>\n\n\n\n<p class=\"wp-block-paragraph\">Art. 2\u00ba O comit\u00ea ser\u00e1 composto pelos seguintes membros:<\/p>\n\n\n\n<p class=\"wp-block-paragraph\">I &#8211; Cl\u00f3vis Monteiro Gomes, Secret\u00e1rio Adjunto da Receita Estadual;<\/p>\n\n\n\n<p class=\"wp-block-paragraph\">II &#8211; Israel Monteiro de Souza, Diretor de Administra\u00e7\u00e3o Tribut\u00e1ria;<\/p>\n\n\n\n<p class=\"wp-block-paragraph\">III &#8211; Eduardo Alves Maia Neto, Diretor de Contabilidade Geral do Estado;<\/p>\n\n\n\n<p class=\"wp-block-paragraph\">IV &#8211; Elizi\u00e1rio Barbosa Campos Filho, Diretor do Tesouro Estadual;<\/p>\n\n\n\n<p class=\"wp-block-paragraph\">V &#8211; Nicolas Aur\u00e9lio Pinto Barbosa Lima, representante do Sindicato do Fisco Estadual do Acre &#8211; SINDIFISCO\/AC;<\/p>\n\n\n\n<p class=\"wp-block-paragraph\">VI &#8211; Edilberto Pontes Hall, representante da Associa\u00e7\u00e3o dos Servidores Fazend\u00e1rios do Estado do Acre &#8211; ASFAC.<\/p>\n\n\n\n<p class=\"wp-block-paragraph\">\u00a7 1\u00ba A presid\u00eancia do Comit\u00ea caber\u00e1 ao membro a que se refere o inciso I deste artigo.<\/p>\n\n\n\n<p class=\"wp-block-paragraph\">\u00a7 2\u00ba Para a consecu\u00e7\u00e3o de seus trabalhos o Comit\u00ea poder\u00e1 convocar t\u00e9cnicos com conhecimentos especializados.<\/p>\n\n\n\n<p class=\"wp-block-paragraph\">\u00a7 3\u00ba O Comit\u00ea dever\u00e1 elaborar relat\u00f3rio acerca da apura\u00e7\u00e3o e avalia\u00e7\u00e3o do resultado da meta ou da submeta, conforme o caso, e o submeter \u00e0 aprecia\u00e7\u00e3o do Secret\u00e1rio de Estado da Fazenda.<\/p>\n\n\n\n<p class=\"wp-block-paragraph\">\u00a7 4\u00ba Ap\u00f3s a aprova\u00e7\u00e3o do relat\u00f3rio referenciado no \u00a7 3\u00ba, pelo Secret\u00e1rio de Estado da Fazenda, ser\u00e1 publicada Portaria para pagamento do pr\u00eamio.<\/p>\n\n\n\n<p class=\"wp-block-paragraph\">Art. 3\u00ba Esta Portaria entra em vigor na data da sua publica\u00e7\u00e3o.<\/p>\n\n\n\n<p class=\"wp-block-paragraph\">Rio Branco-Acre, 20 de julho de 2022.<\/p>\n","protected":false},"excerpt":{"rendered":"<p>Institui o Comit\u00ea para apura\u00e7\u00e3o e avalia\u00e7\u00e3o do resultado do exerc\u00edcio de 2022, da Secretaria de Estado da Fazenda.<\/p>\n","protected":false},"author":5,"featured_media":0,"comment_status":"closed","ping_status":"closed","sticky":false,"template":"","format":"standard","meta":{"_acf_changed":false,"footnotes":""},"categories":[3,33],"tags":[73],"class_list":["post-16874","post","type-post","status-publish","format-standard","hentry","category-legislacao","category-portarias","tag-legislacao-institucional-e-funcional"],"acf":[],"_links":{"self":[{"href":"https:\/\/sefaz.ac.gov.br\/2021\/index.php?rest_route=\/wp\/v2\/posts\/16874","targetHints":{"allow":["GET"]}}],"collection":[{"href":"https:\/\/sefaz.ac.gov.br\/2021\/index.php?rest_route=\/wp\/v2\/posts"}],"about":[{"href":"https:\/\/sefaz.ac.gov.br\/2021\/index.php?rest_route=\/wp\/v2\/types\/post"}],"author":[{"embeddable":true,"href":"https:\/\/sefaz.ac.gov.br\/2021\/index.php?rest_route=\/wp\/v2\/users\/5"}],"replies":[{"embeddable":true,"href":"https:\/\/sefaz.ac.gov.br\/2021\/index.php?rest_route=%2Fwp%2Fv2%2Fcomments&post=16874"}],"version-history":[{"count":0,"href":"https:\/\/sefaz.ac.gov.br\/2021\/index.php?rest_route=\/wp\/v2\/posts\/16874\/revisions"}],"wp:attachment":[{"href":"https:\/\/sefaz.ac.gov.br\/2021\/index.php?rest_route=%2Fwp%2Fv2%2Fmedia&parent=16874"}],"wp:term":[{"taxonomy":"category","embeddable":true,"href":"https:\/\/sefaz.ac.gov.br\/2021\/index.php?rest_route=%2Fwp%2Fv2%2Fcategories&post=16874"},{"taxonomy":"post_tag","embeddable":true,"href":"https:\/\/sefaz.ac.gov.br\/2021\/index.php?rest_route=%2Fwp%2Fv2%2Ftags&post=16874"}],"curies":[{"name":"wp","href":"https:\/\/api.w.org\/{rel}","templated":true}]}}