{"id":16869,"date":"2022-07-27T11:56:00","date_gmt":"2022-07-27T14:56:00","guid":{"rendered":"http:\/\/sefaz.acre.gov.br:80\/2021\/?p=16869"},"modified":"2023-05-19T11:57:36","modified_gmt":"2023-05-19T14:57:36","slug":"portaria-no-375-de-27-de-julho-de-2022","status":"publish","type":"post","link":"https:\/\/sefaz.ac.gov.br\/2021\/?p=16869","title":{"rendered":"PORTARIA N\u00ba 375, DE 27 DE JULHO DE 2022"},"content":{"rendered":"\n<p class=\"wp-block-paragraph\"><strong>O SECRET\u00c1RIO DE ESTADO DA FAZENDA<\/strong>, no uso de suas atribui\u00e7\u00f5es constitucionais e legais que lhe confere o Decreto n\u00ba 10.491, de 12 de novembro de 2021, publicado no Di\u00e1rio Oficial n\u00ba 13.165, de 17 de novembro de 2021; e<\/p>\n\n\n\n<p class=\"wp-block-paragraph\"><strong>CONSIDERANDO<\/strong> o art. 65, II, do Regimento Interno da Secretaria de Estado da Fazenda, aprovado pelo Decreto n\u00ba 183, de 06 de outubro de 1975;<\/p>\n\n\n\n<p class=\"wp-block-paragraph\"><strong>CONSIDERANDO<\/strong> o art. 34, da Lei n\u00ba 2.265, de 31 de mar\u00e7o de 2010, alterada pela Lei n\u00ba 2.730, de 22 de agosto de 2013;<\/p>\n\n\n\n<p class=\"wp-block-paragraph\"><strong>CONSIDERANDO<\/strong> o Decreto n\u00ba 5.587, de 12 de agosto de 2010, que disp\u00f5e sobre a regulamenta\u00e7\u00e3o do Pr\u00eamio Anual de Valoriza\u00e7\u00e3o da Atividade Fazend\u00e1ria;<\/p>\n\n\n\n<p class=\"wp-block-paragraph\"><strong>CONSIDERANDO<\/strong>, ainda, as justificativas e recomenda\u00e7\u00f5es contidas no Relat\u00f3rio do Comit\u00ea Especial de Estabelecimento das Metas do Exerc\u00edcio de 2022, objeto do Processo SEI n\u00ba 0715.012495.00083\/2022-69.<\/p>\n\n\n\n<p class=\"wp-block-paragraph\"><strong>CONSIDERANDO<\/strong> a COMUNICA\u00c7\u00c3O INTERNA N\u00ba 132\/2022\/SEFAZ &#8211; GSARE (SEI 4573216), exarada pela Secretaria Adjunta da Receita Estadual; e<\/p>\n\n\n\n<p class=\"wp-block-paragraph\"><strong>CONSIDERANDO<\/strong> o constante dos autos do processo n\u00ba 0715.012495.00083\/2022-69.<\/p>\n\n\n\n<p class=\"wp-block-paragraph\"><strong>RESOLVE:<\/strong><\/p>\n\n\n\n<p class=\"wp-block-paragraph\">Art. 1\u00ba Homologar o cumprimento e supera\u00e7\u00e3o da submeta de arrecada\u00e7\u00e3o da Secretaria de Estado da Fazenda, referente ao primeiro semestre do exerc\u00edcio de 2022, com fundamenta\u00e7\u00e3o no artigo 34, da Lei n\u00ba 2.265, de 31 de mar\u00e7o de 2010, alterada pela Lei n\u00ba 2.730, de 22 de agosto de 2013, combinado com o Decreto n\u00ba 5.587, de 12 de agosto de 2010, em raz\u00e3o da arrecada\u00e7\u00e3o no montante de R$ 887.405.118,10 (oitocentos e oitenta e sete milh\u00f5es, quatrocentos e cinco mil, cento e dezoito reais e dez centavos), restando demonstrado e comprovado a supera\u00e7\u00e3o do valor estabelecido pelo inciso I do \u00a7 2\u00ba do art. 1\u00ba do Decreto n\u00ba 11.060, de 30 de maio de 2022.<\/p>\n\n\n\n<p class=\"wp-block-paragraph\">Art. 2\u00ba Observando a disponibilidade Or\u00e7ament\u00e1ria e Financeira, fica<br>autorizado o pagamento do adiantamento do Pr\u00eamio Anual de Valoriza\u00e7\u00e3o da Atividade Fazend\u00e1ria &#8211; PAVAF aos servidores da Secretaria de Estado da Fazenda, relativo ao cumprimento da submeta do primeiro semestre do exerc\u00edcio de 2022.<\/p>\n\n\n\n<p class=\"wp-block-paragraph\">Art. 3\u00ba Determinar que a Diretoria de Administra\u00e7\u00e3o e Finan\u00e7as elabore a lista de benefici\u00e1rios e apure o percentual a ser concedido a cada servidor.<\/p>\n\n\n\n<p class=\"wp-block-paragraph\">Art. 4\u00ba Esta Portaria entra em vigor na data da sua publica\u00e7\u00e3o.<\/p>\n\n\n\n<p class=\"wp-block-paragraph\">Rio Branco &#8211; Acre, 27 de julho de 2022.<\/p>\n","protected":false},"excerpt":{"rendered":"<p>Homologa o cumprimento da submeta e autoriza o pagamento do adiantamento do Pr\u00eamio Anual de Valoriza\u00e7\u00e3o da Atividade Fazend\u00e1ria &#8211; PAVAF aos servidores da Secretaria de Estado da Fazenda &#8211; SEFAZ, referente ao primeiro semestre do exerc\u00edcio de 2022.<\/p>\n","protected":false},"author":5,"featured_media":0,"comment_status":"closed","ping_status":"closed","sticky":false,"template":"","format":"standard","meta":{"_acf_changed":false,"footnotes":""},"categories":[3,33],"tags":[73],"class_list":["post-16869","post","type-post","status-publish","format-standard","hentry","category-legislacao","category-portarias","tag-legislacao-institucional-e-funcional"],"acf":[],"_links":{"self":[{"href":"https:\/\/sefaz.ac.gov.br\/2021\/index.php?rest_route=\/wp\/v2\/posts\/16869","targetHints":{"allow":["GET"]}}],"collection":[{"href":"https:\/\/sefaz.ac.gov.br\/2021\/index.php?rest_route=\/wp\/v2\/posts"}],"about":[{"href":"https:\/\/sefaz.ac.gov.br\/2021\/index.php?rest_route=\/wp\/v2\/types\/post"}],"author":[{"embeddable":true,"href":"https:\/\/sefaz.ac.gov.br\/2021\/index.php?rest_route=\/wp\/v2\/users\/5"}],"replies":[{"embeddable":true,"href":"https:\/\/sefaz.ac.gov.br\/2021\/index.php?rest_route=%2Fwp%2Fv2%2Fcomments&post=16869"}],"version-history":[{"count":0,"href":"https:\/\/sefaz.ac.gov.br\/2021\/index.php?rest_route=\/wp\/v2\/posts\/16869\/revisions"}],"wp:attachment":[{"href":"https:\/\/sefaz.ac.gov.br\/2021\/index.php?rest_route=%2Fwp%2Fv2%2Fmedia&parent=16869"}],"wp:term":[{"taxonomy":"category","embeddable":true,"href":"https:\/\/sefaz.ac.gov.br\/2021\/index.php?rest_route=%2Fwp%2Fv2%2Fcategories&post=16869"},{"taxonomy":"post_tag","embeddable":true,"href":"https:\/\/sefaz.ac.gov.br\/2021\/index.php?rest_route=%2Fwp%2Fv2%2Ftags&post=16869"}],"curies":[{"name":"wp","href":"https:\/\/api.w.org\/{rel}","templated":true}]}}