{"id":16799,"date":"2021-12-17T13:12:34","date_gmt":"2021-12-17T16:12:34","guid":{"rendered":"http:\/\/sefaz.acre.gov.br:80\/2021\/?p=16799"},"modified":"2023-05-18T13:13:59","modified_gmt":"2023-05-18T16:13:59","slug":"lei-no-3-871-de-17-de-dezembro-de-2021","status":"publish","type":"post","link":"https:\/\/sefaz.ac.gov.br\/2021\/?p=16799","title":{"rendered":"LEI N\u00ba 3.871, DE 17 DE DEZEMBRO DE 2021"},"content":{"rendered":"\n<p class=\"wp-block-paragraph\"><strong>O GOVERNADOR DO ESTADO DO ACRE<\/strong><\/p>\n\n\n\n<p class=\"wp-block-paragraph\"><strong>FA\u00c7O SABER<\/strong> que a Assembleia Legislativa do Estado do Acre decreta e eu sanciono a seguinte Lei:<\/p>\n\n\n\n<p class=\"wp-block-paragraph\">Art. 1\u00ba Ficam isentas do Imposto sobre Opera\u00e7\u00f5es Relativas \u00e0 Circula\u00e7\u00e3o de Mercadorias e sobre Presta\u00e7\u00f5es de Servi\u00e7os de Transporte Interestadual e Intermunicipal e de Comunica\u00e7\u00e3o &#8211; ICMS, sem preju\u00edzo de outras hip\u00f3teses previstas na legisla\u00e7\u00e3o tribut\u00e1ria estadual, as opera\u00e7\u00f5es e presta\u00e7\u00f5es a seguir relacionadas quando destinadas a miss\u00f5es diplom\u00e1ticas, reparti\u00e7\u00f5es consulares e representa\u00e7\u00f5es de organismos internacionais, de car\u00e1ter permanente e respectivos funcion\u00e1rios estrangeiros indicados pelo Minist\u00e9rio das Rela\u00e7\u00f5es Exteriores (Conv\u00eanio n\u00ba 158, de 14 de dezembro de 1994):<\/p>\n\n\n\n<p class=\"wp-block-paragraph\">I &#8211; fornecimento de energia el\u00e9trica e presta\u00e7\u00e3o de servi\u00e7o de telecomunica\u00e7\u00e3o;<\/p>\n\n\n\n<p class=\"wp-block-paragraph\">II &#8211; sa\u00edda de ve\u00edculos nacionais, desde que com isen\u00e7\u00e3o ou com al\u00edquota reduzida a zero do Imposto sobre Produtos Industrializados &#8211; IPI;<\/p>\n\n\n\n<p class=\"wp-block-paragraph\">III &#8211; entrada de mercadoria adquirida diretamente do exterior, desde que tais mercadorias estejam beneficiadas com isen\u00e7\u00e3o ou com al\u00edquota zero do Imposto de Importa\u00e7\u00e3o e do IPI e, tratando-se de aquisi\u00e7\u00e3o por funcion\u00e1rio de nacionalidade estrangeira, condiciona-se a que seja observado o disposto na legisla\u00e7\u00e3o federal aplic\u00e1vel.<\/p>\n\n\n\n<p class=\"wp-block-paragraph\">\u00a7 1\u00ba O benef\u00edcio previsto nos incisos do caput fica condicionado \u00e0 exist\u00eancia de reciprocidade de tratamento tribut\u00e1rio, declarada, anualmente, pelo Minist\u00e9rio das Rela\u00e7\u00f5es Exteriores.<\/p>\n\n\n\n<p class=\"wp-block-paragraph\">\u00a7 2\u00ba Na hip\u00f3tese do inciso II do caput, n\u00e3o ser\u00e1 exigido o estorno do cr\u00e9dito do imposto relacionado com a fabrica\u00e7\u00e3o do ve\u00edculo beneficiado com a isen\u00e7\u00e3o prevista neste artigo.<\/p>\n\n\n\n<p class=\"wp-block-paragraph\">\u00a7 3\u00ba A isen\u00e7\u00e3o prevista nos incisos do caput ser\u00e1 reconhecida mediante ato da diretoria de administra\u00e7\u00e3o tribut\u00e1ria, a vista de requerimento da parte interessada.<\/p>\n\n\n\n<p class=\"wp-block-paragraph\">Art. 2\u00ba Ficam convalidados os atos praticados com base no Conv\u00eanio n\u00ba 158, de 1994, a contar de sua internaliza\u00e7\u00e3o na legisla\u00e7\u00e3o tribut\u00e1ria estadual.<\/p>\n\n\n\n<p class=\"wp-block-paragraph\">Art. 3\u00ba Esta Lei entra em vigor na data de sua publica\u00e7\u00e3o, com efeitos a partir da data da ratifica\u00e7\u00e3o nacional do referido Conv\u00eanio, publicada no Di\u00e1rio Oficial da Uni\u00e3o &#8211; DOU.<\/p>\n\n\n\n<p class=\"wp-block-paragraph\">Rio Branco-Acre, 17 dezembro de 2021, 133\u00ba da Rep\u00fablica, 119\u00ba do Tratado de Petr\u00f3polis e 60\u00ba do Estado do Acre.<\/p>\n","protected":false},"excerpt":{"rendered":"<p>Disp\u00f5e sobre a isen\u00e7\u00e3o do Imposto sobre Opera\u00e7\u00f5es Relativas \u00e0 Circula\u00e7\u00e3o de Mercadorias e sobre Presta\u00e7\u00f5es de Servi\u00e7os interestadual e Intermunicipal e de Comunica\u00e7\u00e3o &#8211; ICMS nas opera\u00e7\u00f5es e presta\u00e7\u00f5es que especifica destinadas a Entes indicados pelo Minist\u00e9rio das Rela\u00e7\u00f5es Exteriores.<\/p>\n","protected":false},"author":5,"featured_media":0,"comment_status":"closed","ping_status":"closed","sticky":false,"template":"","format":"standard","meta":{"_acf_changed":false,"footnotes":""},"categories":[3,31],"tags":[35],"class_list":["post-16799","post","type-post","status-publish","format-standard","hentry","category-legislacao","category-leis-ordinarias","tag-icms"],"acf":[],"_links":{"self":[{"href":"https:\/\/sefaz.ac.gov.br\/2021\/index.php?rest_route=\/wp\/v2\/posts\/16799","targetHints":{"allow":["GET"]}}],"collection":[{"href":"https:\/\/sefaz.ac.gov.br\/2021\/index.php?rest_route=\/wp\/v2\/posts"}],"about":[{"href":"https:\/\/sefaz.ac.gov.br\/2021\/index.php?rest_route=\/wp\/v2\/types\/post"}],"author":[{"embeddable":true,"href":"https:\/\/sefaz.ac.gov.br\/2021\/index.php?rest_route=\/wp\/v2\/users\/5"}],"replies":[{"embeddable":true,"href":"https:\/\/sefaz.ac.gov.br\/2021\/index.php?rest_route=%2Fwp%2Fv2%2Fcomments&post=16799"}],"version-history":[{"count":0,"href":"https:\/\/sefaz.ac.gov.br\/2021\/index.php?rest_route=\/wp\/v2\/posts\/16799\/revisions"}],"wp:attachment":[{"href":"https:\/\/sefaz.ac.gov.br\/2021\/index.php?rest_route=%2Fwp%2Fv2%2Fmedia&parent=16799"}],"wp:term":[{"taxonomy":"category","embeddable":true,"href":"https:\/\/sefaz.ac.gov.br\/2021\/index.php?rest_route=%2Fwp%2Fv2%2Fcategories&post=16799"},{"taxonomy":"post_tag","embeddable":true,"href":"https:\/\/sefaz.ac.gov.br\/2021\/index.php?rest_route=%2Fwp%2Fv2%2Ftags&post=16799"}],"curies":[{"name":"wp","href":"https:\/\/api.w.org\/{rel}","templated":true}]}}