{"id":16764,"date":"2022-04-25T12:28:37","date_gmt":"2022-04-25T15:28:37","guid":{"rendered":"http:\/\/sefaz.acre.gov.br:80\/2021\/?p=16764"},"modified":"2023-05-18T12:31:43","modified_gmt":"2023-05-18T15:31:43","slug":"lei-no-3-938-de-25-de-abril-de-2022","status":"publish","type":"post","link":"https:\/\/sefaz.ac.gov.br\/2021\/?p=16764","title":{"rendered":"LEI N\u00ba 3.938, DE 25 DE ABRIL DE 2022"},"content":{"rendered":"\n<p class=\"wp-block-paragraph\"><strong>O GOVERNADOR DO ESTADO DO ACRE<\/strong><\/p>\n\n\n\n<p class=\"wp-block-paragraph\"><strong>FA\u00c7O SABER<\/strong> que a Assembleia Legislativa do Estado do Acre decreta e eu sanciono a seguinte Lei:<\/p>\n\n\n\n<p class=\"wp-block-paragraph\">Art. 1\u00ba Fica reduzida a base de c\u00e1lculo do Imposto sobre Opera\u00e7\u00f5es Relativas \u00e0 Circula\u00e7\u00e3o de Mercadorias e sobre Presta\u00e7\u00e3o de Servi\u00e7os de Transporte Interestadual e Intermunicipal e de Comunica\u00e7\u00e3o &#8211; ICMS, nos seguintes percentuais:<\/p>\n\n\n\n<p class=\"wp-block-paragraph\">I &#8211; em oitenta por cento, nas sa\u00eddas interestaduais de bovinos gordos para abate, nas opera\u00e7\u00f5es destinadas aos Estados do Amazonas &#8211; AM, Rond\u00f4nia &#8211; RO e Roraima &#8211; RR, de forma que a carga tribut\u00e1ria resultante seja equivalente a aplica\u00e7\u00e3o do percentual de 2,4% (dois inteiros e quatro d\u00e9cimos por cento) sobre o valor da opera\u00e7\u00e3o (Conv\u00eanio ICMS n\u00ba 126, de 11 de outubro de 2013);<\/p>\n\n\n\n<p class=\"has-text-color wp-block-paragraph\" style=\"color:#f02b2b\">Nova reda\u00e7\u00e3o dada ao inciso II, pela Lei n\u00ba 3.977, de 15 de setembro de 2022. Efeitos a partir 16 de setembro de 2022.<\/p>\n\n\n\n<p class=\"wp-block-paragraph\">II &#8211; em 66,67% (sessenta e seis inteiros e sessenta e sete cent\u00e9simos por cento), nas sa\u00eddas interestaduais de bovinos, nas opera\u00e7\u00f5es destinadas aos Estados de Mato Grosso &#8211; MT, Mato Grosso do Sul &#8211; MS, Paran\u00e1 &#8211; PR, Roraima &#8211; RR, Santa Catarina &#8211; SC e S\u00e3o Paulo &#8211; SP, de forma que a carga tribut\u00e1ria resultante seja equivalente a aplica\u00e7\u00e3o do percentual de quatro por cento sobre o valor da opera\u00e7\u00e3o (Conv\u00eanio ICMS n\u00ba 19, de 7 de abril de 2022).<\/p>\n\n\n\n<blockquote class=\"wp-block-quote is-layout-flow wp-block-quote-is-layout-flow\">\n<p class=\"has-text-color wp-block-paragraph\" style=\"color:#08b418\"><strong>Reda\u00e7\u00e3o anterior:<\/strong> efeitos at\u00e9 15 de setembro de 2022<\/p>\n\n\n\n<p class=\"has-text-color wp-block-paragraph\" style=\"color:#08b418\">II &#8211; em 66,67% (sessenta e seis inteiros e sessenta e sete cent\u00e9simos por cento), nas sa\u00eddas interestaduais de bovinos, nas opera\u00e7\u00f5es destinadas aos Estados de Goi\u00e1s &#8211; GO, Mato Grosso &#8211; MT, Mato Grosso do Sul &#8211; MS, Paran\u00e1-PR, Roraima &#8211; RR, Santa Catarina \u2013 SC e S\u00e3o Paulo \u2013 SP, de forma que a carga tribut\u00e1ria resultante seja equivalente a aplica\u00e7\u00e3o do percentual de quatro por cento sobre o valor da opera\u00e7\u00e3o (Conv\u00eanio ICMS n\u00ba 19, de 7 de abril de 2022).<\/p>\n<\/blockquote>\n\n\n\n<p class=\"has-text-color wp-block-paragraph\" style=\"color:#f02b2b\">Nova reda\u00e7\u00e3o dada ao \u00a7 1\u00ba, pela Lei n\u00ba 3.977, de 15 de setembro de 2022. Efeitos a partir 16 de setembro de 2022.<\/p>\n\n\n\n<p class=\"wp-block-paragraph\">\u00a7 1\u00ba Os benef\u00edcios previstos neste artigo somente se aplicam \u00e0s opera\u00e7\u00f5es com bovinos origin\u00e1rios da produ\u00e7\u00e3o interna, regularmente acobertadas por nota fiscal e declaradas ao Fisco Estadual por ocasi\u00e3o da passagem pelo Posto Fiscal Tucandeira, na divisa com Rond\u00f4nia, ou pelo Posto Fiscal Pica-Pau, na divisa com Amazonas, ou no NUSEFI ou NURFE do munic\u00edpio onde ocorra a sa\u00edda beneficiada, desde que destinada aos Estados mencionados neste artigo.<\/p>\n\n\n\n<blockquote class=\"wp-block-quote is-layout-flow wp-block-quote-is-layout-flow\">\n<p class=\"has-text-color wp-block-paragraph\" style=\"color:#08b418\"><strong>Reda\u00e7\u00e3o anterior:<\/strong> efeitos at\u00e9 15 de setembro de 2022 <\/p>\n\n\n\n<p class=\"has-text-color wp-block-paragraph\" style=\"color:#08b418\">\u00a7 1\u00ba Os benef\u00edcios previstos neste artigo somente se aplicam \u00e0s opera\u00e7\u00f5es com bovinos origin\u00e1rios da produ\u00e7\u00e3o interna, regularmente acobertadas por nota fiscal e declaradas ao Fisco Estadual por ocasi\u00e3o da passagem pelo Posto Fiscal Tucandeira, na divisa com Rond\u00f4nia, ou pelo Posto Fiscal Pica-Pau, na divisa com Amazonas.<\/p>\n<\/blockquote>\n\n\n\n<p class=\"has-text-color wp-block-paragraph\" style=\"color:#f02b2b\">Nova reda\u00e7\u00e3o dada ao \u00a7 2\u00ba, pela Lei n\u00ba 3.977, de 15 de setembro de 2022. Efeitos a partir 16 de setembro de 2022.<\/p>\n\n\n\n<p class=\"wp-block-paragraph\">\u00a7 2\u00ba O benef\u00edcio previsto no inciso II deste artigo cessar\u00e1 no \u00faltimo dia do m\u00eas subsequente \u00e0quele em que o total de sa\u00eddas beneficiadas ultrapassar a quantidade de quinhentas mil cabe\u00e7as de gado bovino, ou o termo final do prazo de vig\u00eancia previsto no Conv\u00eanio ICMS n\u00ba 19, de 7 de abril de 2022, o que primeiro for cumprido.\u201d (NR)<\/p>\n\n\n\n<blockquote class=\"wp-block-quote has-text-color is-layout-flow wp-block-quote-is-layout-flow\" style=\"color:#08b418\">\n<p class=\"wp-block-paragraph\"><strong>Reda\u00e7\u00e3o anterior:<\/strong> efeitos at\u00e9 15 de setembro de 2022<\/p>\n\n\n\n<p class=\"wp-block-paragraph\">\u00a7 2\u00ba O benef\u00edcio previsto no inciso II cessar\u00e1 no \u00faltimo dia do m\u00eas subsequente \u00e0quele em que o total de sa\u00eddas beneficiadas por esta lei ultrapassar a quantidade de quinhentas mil cabe\u00e7as de bovinos, ou, em 31 de agosto de 2022, o que primeiro for cumprido.<\/p>\n<\/blockquote>\n\n\n\n<p class=\"wp-block-paragraph\">Art. 2\u00ba A frui\u00e7\u00e3o dos benef\u00edcios previstos no art. 1\u00ba fica condicionada a que o contribuinte recolha contribui\u00e7\u00e3o para o Fundo Agropecu\u00e1rio Estadual &#8211; FUNAGRO, no valor de R$ 4,00 (quatro reais) por bovino.<\/p>\n\n\n\n<p class=\"wp-block-paragraph\">Art. 3\u00ba Os efeitos desta lei absorvem as disposi\u00e7\u00f5es do Decreto n\u00ba 10.994, de 10 de fevereiro de 2022. <\/p>\n\n\n\n<p class=\"wp-block-paragraph\">Art. 4\u00ba Fica o chefe do Poder Executivo autorizado a regulamentar esta lei e estabelecer demais limites e condi\u00e7\u00f5es para frui\u00e7\u00e3o dos benef\u00edcios previstos no art. 1\u00ba.<\/p>\n\n\n\n<p class=\"wp-block-paragraph\">Art. 5\u00ba A Lei n\u00ba 725, de 13 de dezembro de 1980, passa a vigorar com a seguinte reda\u00e7\u00e3o:<\/p>\n\n\n\n<blockquote class=\"wp-block-quote is-layout-flow wp-block-quote-is-layout-flow\">\n<p class=\"wp-block-paragraph\">\u201cArt. 2\u00ba Constituir\u00e3o recursos do FUNAGRO, al\u00e9m dos cr\u00e9ditos or\u00e7ament\u00e1rios federais, estaduais e municipais espec\u00edficos, aqueles oriundos de conv\u00eanios, ajustes ou acordos com entidades p\u00fablicas ou privadas, dos resultados das opera\u00e7\u00f5es financeiras do Fundo, de contribui\u00e7\u00f5es, de doa\u00e7\u00f5es particulares n\u00e3o onerosas, dos neg\u00f3cios resultantes da venda direta de matrizes, de reprodutores, embri\u00f5es fruto do desenvolvimento gen\u00e9tico animal promovido pela Esta\u00e7\u00e3o de Melhoramento e Desenvolvimento Gen\u00e9tico Animal, da venda de insumos, da aliena\u00e7\u00e3o de bens produzidos nos diversos projetos e\/ou atividades da SEPA e da presta\u00e7\u00e3o de servi\u00e7os\u201d. (NR)<\/p>\n<\/blockquote>\n\n\n\n<p class=\"wp-block-paragraph\">Art. 6\u00ba Esta Lei entra em vigor na data de sua publica\u00e7\u00e3o, produzindo efeitos durante a vig\u00eancia do Conv\u00eanio ICMS n\u00ba 126, de 2013, exceto quanto ao inciso II do art. 1\u00ba, que produzir\u00e1 efeitos durante a vig\u00eancia do Conv\u00eanio ICMS n\u00ba 19, de 2022.<\/p>\n\n\n\n<p class=\"wp-block-paragraph\">Rio Branco-Acre, 25 de abril de 2022, 134\u00ba da Rep\u00fablica, 120\u00ba do Tratado de Petr\u00f3polis e 61\u00ba do Estado do Acre.<\/p>\n","protected":false},"excerpt":{"rendered":"<p>Disp\u00f5e sobre a redu\u00e7\u00e3o da base de c\u00e1lculo do ICMS nas opera\u00e7\u00f5es interestaduais com bovinos e altera dispositivos da Lei n\u00ba 725, de 13 de dezembro de 1980, que institui o Fundo Agropecu\u00e1rio Estadual &#8211; FUNAGRO, e d\u00e1 outras provid\u00eancias.<\/p>\n","protected":false},"author":5,"featured_media":0,"comment_status":"closed","ping_status":"closed","sticky":false,"template":"","format":"standard","meta":{"_acf_changed":false,"footnotes":""},"categories":[3,31],"tags":[35],"class_list":["post-16764","post","type-post","status-publish","format-standard","hentry","category-legislacao","category-leis-ordinarias","tag-icms"],"acf":[],"_links":{"self":[{"href":"https:\/\/sefaz.ac.gov.br\/2021\/index.php?rest_route=\/wp\/v2\/posts\/16764","targetHints":{"allow":["GET"]}}],"collection":[{"href":"https:\/\/sefaz.ac.gov.br\/2021\/index.php?rest_route=\/wp\/v2\/posts"}],"about":[{"href":"https:\/\/sefaz.ac.gov.br\/2021\/index.php?rest_route=\/wp\/v2\/types\/post"}],"author":[{"embeddable":true,"href":"https:\/\/sefaz.ac.gov.br\/2021\/index.php?rest_route=\/wp\/v2\/users\/5"}],"replies":[{"embeddable":true,"href":"https:\/\/sefaz.ac.gov.br\/2021\/index.php?rest_route=%2Fwp%2Fv2%2Fcomments&post=16764"}],"version-history":[{"count":0,"href":"https:\/\/sefaz.ac.gov.br\/2021\/index.php?rest_route=\/wp\/v2\/posts\/16764\/revisions"}],"wp:attachment":[{"href":"https:\/\/sefaz.ac.gov.br\/2021\/index.php?rest_route=%2Fwp%2Fv2%2Fmedia&parent=16764"}],"wp:term":[{"taxonomy":"category","embeddable":true,"href":"https:\/\/sefaz.ac.gov.br\/2021\/index.php?rest_route=%2Fwp%2Fv2%2Fcategories&post=16764"},{"taxonomy":"post_tag","embeddable":true,"href":"https:\/\/sefaz.ac.gov.br\/2021\/index.php?rest_route=%2Fwp%2Fv2%2Ftags&post=16764"}],"curies":[{"name":"wp","href":"https:\/\/api.w.org\/{rel}","templated":true}]}}