{"id":16752,"date":"2022-09-15T12:16:17","date_gmt":"2022-09-15T15:16:17","guid":{"rendered":"http:\/\/sefaz.acre.gov.br:80\/2021\/?p=16752"},"modified":"2023-05-18T12:18:11","modified_gmt":"2023-05-18T15:18:11","slug":"lei-no-3-977-de-15-de-setembro-de-2022","status":"publish","type":"post","link":"https:\/\/sefaz.ac.gov.br\/2021\/?p=16752","title":{"rendered":"LEI N\u00ba 3.977, DE 15 DE SETEMBRO DE 2022"},"content":{"rendered":"\n<p class=\"wp-block-paragraph\"><strong>O GOVERNADOR DO ESTADO DO ACRE <\/strong><\/p>\n\n\n\n<p class=\"wp-block-paragraph\"><strong>FA\u00c7O SABER<\/strong> que a Assembleia Legislativa do Estado do Acre decreta e eu sanciono a seguinte Lei:<\/p>\n\n\n\n<p class=\"wp-block-paragraph\">Art. 1\u00ba A Lei n\u00ba 3.938, de 25 de abril de 2022, passa a vigorar com a seguinte reda\u00e7\u00e3o:<\/p>\n\n\n\n<blockquote class=\"wp-block-quote is-layout-flow wp-block-quote-is-layout-flow\">\n<p class=\"wp-block-paragraph\">\u201cArt. 1\u00b0<\/p>\n\n\n\n<p class=\"wp-block-paragraph\">\u2026\u2026\u2026\u2026\u2026\u2026\u2026\u2026\u2026\u2026\u2026\u2026\u2026\u2026\u2026\u2026\u2026\u2026\u2026\u2026\u2026\u2026\u2026\u2026\u2026\u2026\u2026\u2026\u2026\u2026\u2026\u2026\u2026\u2026\u2026\u2026\u2026\u2026\u2026\u2026\u2026\u2026\u2026\u2026\u2026\u2026\u2026\u2026\u2026\u2026\u2026\u2026\u2026\u2026\u2026\u2026\u2026\u2026\u2026\u2026\u2026\u2026\u2026\u2026<\/p>\n\n\n\n<p class=\"wp-block-paragraph\">II &#8211; em 66,67% (sessenta e seis inteiros e sessenta e sete cent\u00e9simos por cento), nas sa\u00eddas interestaduais de bovinos, nas opera\u00e7\u00f5es destinadas aos Estados de Mato Grosso &#8211; MT, Mato Grosso do Sul &#8211; MS, Paran\u00e1 &#8211; PR, Roraima &#8211; RR, Santa Catarina &#8211; SC e S\u00e3o Paulo &#8211; SP, de forma que a carga tribut\u00e1ria resultante seja equivalente a aplica\u00e7\u00e3o do percentual de quatro por cento sobre o valor da opera\u00e7\u00e3o (Conv\u00eanio ICMS n\u00ba 19, de 7 de abril<br>de 2022).<\/p>\n\n\n\n<p class=\"wp-block-paragraph\">\u00a7 1\u00ba Os benef\u00edcios previstos neste artigo somente se aplicam \u00e0s opera\u00e7\u00f5es com bovinos origin\u00e1rios da produ\u00e7\u00e3o interna, regularmente acobertadas por nota fiscal e declaradas ao Fisco Estadual por ocasi\u00e3o da passagem pelo Posto Fiscal Tucandeira, na divisa com Rond\u00f4nia, ou pelo Posto Fiscal Pica-Pau, na divisa com Amazonas, ou no NUSEFI ou NURFE do munic\u00edpio onde ocorra a sa\u00edda beneficiada, desde que destinada aos Estados mencionados neste artigo.<\/p>\n\n\n\n<p class=\"wp-block-paragraph\">\u00a7 2\u00ba O benef\u00edcio previsto no inciso II deste artigo cessar\u00e1 no \u00faltimo dia do m\u00eas subsequente \u00e0quele em que o total de sa\u00eddas beneficiadas ultrapassar a quantidade de quinhentas mil cabe\u00e7as de gado bovino, ou o termo final do prazo de vig\u00eancia previsto no Conv\u00eanio ICMS n\u00ba 19, de 7 de abril de 2022, o que primeiro for cumprido.\u201d (NR)<\/p>\n<\/blockquote>\n\n\n\n<p class=\"wp-block-paragraph\">Art. 2\u00ba Esta Lei entra em vigor na data de sua publica\u00e7\u00e3o.<\/p>\n\n\n\n<p class=\"wp-block-paragraph\">Rio Branco-Acre, 15 de setembro de 2022, 134\u00ba da Rep\u00fablica, 120\u00ba do Tratado de Petr\u00f3polis e 61\u00ba do Estado do Acre.<\/p>\n","protected":false},"excerpt":{"rendered":"<p>Altera a Lei n\u00ba 3.938, de 25 de abril de 2022, que disp\u00f5e sobre a redu\u00e7\u00e3o da base de c\u00e1lculo do ICMS nas opera\u00e7\u00f5es interestaduais com bovinos e altera dispositivos da Lei n\u00ba 725, de 13 de dezembro de 1980, que institui o Fundo Agropecu\u00e1rio Estadual &#8211; FUNAGRO, e d\u00e1 outras provid\u00eancias.<\/p>\n","protected":false},"author":5,"featured_media":0,"comment_status":"closed","ping_status":"closed","sticky":false,"template":"","format":"standard","meta":{"_acf_changed":false,"footnotes":""},"categories":[3,31],"tags":[35],"class_list":["post-16752","post","type-post","status-publish","format-standard","hentry","category-legislacao","category-leis-ordinarias","tag-icms"],"acf":[],"_links":{"self":[{"href":"https:\/\/sefaz.ac.gov.br\/2021\/index.php?rest_route=\/wp\/v2\/posts\/16752","targetHints":{"allow":["GET"]}}],"collection":[{"href":"https:\/\/sefaz.ac.gov.br\/2021\/index.php?rest_route=\/wp\/v2\/posts"}],"about":[{"href":"https:\/\/sefaz.ac.gov.br\/2021\/index.php?rest_route=\/wp\/v2\/types\/post"}],"author":[{"embeddable":true,"href":"https:\/\/sefaz.ac.gov.br\/2021\/index.php?rest_route=\/wp\/v2\/users\/5"}],"replies":[{"embeddable":true,"href":"https:\/\/sefaz.ac.gov.br\/2021\/index.php?rest_route=%2Fwp%2Fv2%2Fcomments&post=16752"}],"version-history":[{"count":0,"href":"https:\/\/sefaz.ac.gov.br\/2021\/index.php?rest_route=\/wp\/v2\/posts\/16752\/revisions"}],"wp:attachment":[{"href":"https:\/\/sefaz.ac.gov.br\/2021\/index.php?rest_route=%2Fwp%2Fv2%2Fmedia&parent=16752"}],"wp:term":[{"taxonomy":"category","embeddable":true,"href":"https:\/\/sefaz.ac.gov.br\/2021\/index.php?rest_route=%2Fwp%2Fv2%2Fcategories&post=16752"},{"taxonomy":"post_tag","embeddable":true,"href":"https:\/\/sefaz.ac.gov.br\/2021\/index.php?rest_route=%2Fwp%2Fv2%2Ftags&post=16752"}],"curies":[{"name":"wp","href":"https:\/\/api.w.org\/{rel}","templated":true}]}}