{"id":16732,"date":"2022-02-15T11:55:41","date_gmt":"2022-02-15T14:55:41","guid":{"rendered":"http:\/\/sefaz.acre.gov.br:80\/2021\/?p=16732"},"modified":"2023-05-18T11:55:50","modified_gmt":"2023-05-18T14:55:50","slug":"lei-no-3-911-de-15-de-fevereiro-de-2022","status":"publish","type":"post","link":"https:\/\/sefaz.ac.gov.br\/2021\/?p=16732","title":{"rendered":"LEI N\u00ba 3.911, DE 15 DE FEVEREIRO DE 2022"},"content":{"rendered":"\n<p class=\"wp-block-paragraph\"><strong>O GOVERNADOR DO ESTADO DO ACRE<\/strong><\/p>\n\n\n\n<p class=\"wp-block-paragraph\"><strong>FA\u00c7O SABER<\/strong> que a Assembleia Legislativa do Estado do Acre decreta e eu sanciono a seguinte Lei:<\/p>\n\n\n\n<p class=\"wp-block-paragraph\">Art. 1\u00ba Ficam isentas do Imposto sobre Opera\u00e7\u00f5es Relativas \u00e0 Circula\u00e7\u00e3o de Mercadorias e sobre Presta\u00e7\u00f5es de Servi\u00e7os de Transporte Interestadual e Intermunicipal e de Comunica\u00e7\u00e3o &#8211; ICMS, as opera\u00e7\u00f5es internas com farinha de mandioca ou de raspa de mandioca, n\u00e3o temperadas, classificada no c\u00f3digo 1106.20.00 da Nomenclatura Comum do Mercosul\/Sistema Harmonizado &#8211; NCM\/SH (Conv\u00eanio ICMS n\u00b0 131, de 16 de dezembro de 2005).<\/p>\n\n\n\n<p class=\"wp-block-paragraph\">Par\u00e1grafo \u00fanico. A isen\u00e7\u00e3o de que trata o <strong>caput<\/strong> aplica-se, tamb\u00e9m, \u00e0s empresas optantes pelo Regime Especial Unificado de Arrecada\u00e7\u00e3o de Tributos e Contribui\u00e7\u00f5es, devidos pelas microempresas e empresas de pequeno porte &#8211; Simples Nacional, institu\u00eddo pela Lei Complementar n\u00ba 123, de 14 de dezembro de 2006.<\/p>\n\n\n\n<p class=\"wp-block-paragraph\">Art. 2\u00ba Esta Lei entra em vigor na data de sua publica\u00e7\u00e3o, produzindo efeitos durante a vig\u00eancia do Conv\u00eanio ICMS n\u00ba131, de 2005, observadas suas prorroga\u00e7\u00f5es.<\/p>\n\n\n\n<p class=\"wp-block-paragraph\">Rio Branco-Acre, 15 de fevereiro de 2022, 134\u00ba da Rep\u00fablica, 120\u00ba do Tratado de Petr\u00f3polis e 61\u00ba do Estado do Acre.<\/p>\n","protected":false},"excerpt":{"rendered":"<p>Disp\u00f5e sobre a concess\u00e3o de isen\u00e7\u00e3o do Imposto sobre Opera\u00e7\u00f5es Relativas \u00e0 Circula\u00e7\u00e3o de Mercadorias e sobre Presta\u00e7\u00f5es de Servi\u00e7os de Transporte Interestadual e Intermunicipal e de Comunica\u00e7\u00e3o &#8211; ICMS, nas opera\u00e7\u00f5es internas com farinha de mandioca e raspa de mandioca, nas condi\u00e7\u00f5es que especifica.<\/p>\n","protected":false},"author":5,"featured_media":0,"comment_status":"closed","ping_status":"closed","sticky":false,"template":"","format":"standard","meta":{"_acf_changed":false,"footnotes":""},"categories":[3,31],"tags":[35],"class_list":["post-16732","post","type-post","status-publish","format-standard","hentry","category-legislacao","category-leis-ordinarias","tag-icms"],"acf":[],"_links":{"self":[{"href":"https:\/\/sefaz.ac.gov.br\/2021\/index.php?rest_route=\/wp\/v2\/posts\/16732","targetHints":{"allow":["GET"]}}],"collection":[{"href":"https:\/\/sefaz.ac.gov.br\/2021\/index.php?rest_route=\/wp\/v2\/posts"}],"about":[{"href":"https:\/\/sefaz.ac.gov.br\/2021\/index.php?rest_route=\/wp\/v2\/types\/post"}],"author":[{"embeddable":true,"href":"https:\/\/sefaz.ac.gov.br\/2021\/index.php?rest_route=\/wp\/v2\/users\/5"}],"replies":[{"embeddable":true,"href":"https:\/\/sefaz.ac.gov.br\/2021\/index.php?rest_route=%2Fwp%2Fv2%2Fcomments&post=16732"}],"version-history":[{"count":0,"href":"https:\/\/sefaz.ac.gov.br\/2021\/index.php?rest_route=\/wp\/v2\/posts\/16732\/revisions"}],"wp:attachment":[{"href":"https:\/\/sefaz.ac.gov.br\/2021\/index.php?rest_route=%2Fwp%2Fv2%2Fmedia&parent=16732"}],"wp:term":[{"taxonomy":"category","embeddable":true,"href":"https:\/\/sefaz.ac.gov.br\/2021\/index.php?rest_route=%2Fwp%2Fv2%2Fcategories&post=16732"},{"taxonomy":"post_tag","embeddable":true,"href":"https:\/\/sefaz.ac.gov.br\/2021\/index.php?rest_route=%2Fwp%2Fv2%2Ftags&post=16732"}],"curies":[{"name":"wp","href":"https:\/\/api.w.org\/{rel}","templated":true}]}}