{"id":16198,"date":"2023-05-04T10:46:31","date_gmt":"2023-05-04T13:46:31","guid":{"rendered":"http:\/\/sefaz.acre.gov.br:80\/2021\/?p=16198"},"modified":"2023-05-12T10:47:17","modified_gmt":"2023-05-12T13:47:17","slug":"portaria-sefaz-no-439-de-4-de-maio-de-2023","status":"publish","type":"post","link":"https:\/\/sefaz.ac.gov.br\/2021\/?p=16198","title":{"rendered":"PORTARIA SEFAZ N\u00ba 439, DE 4 DE MAIO DE 2023"},"content":{"rendered":"\n<p class=\"wp-block-paragraph\"><strong>O SECRET\u00c1RIO DE ESTADO DA FAZENDA, EM EXERC\u00cdCIO<\/strong>, no uso de suas atribui\u00e7\u00f5es constitucionais e legais que lhe confere o Decreto n\u00ba 2.423-P, de 13 de mar\u00e7o de 2023, publicado no Di\u00e1rio Oficial n\u00ba 13.490, de 13 de mar\u00e7o de 2023; e<\/p>\n\n\n\n<p class=\"wp-block-paragraph\">CONSIDERANDO as disposi\u00e7\u00f5es contidas no \u00a7 7\u00ba do art. 97 do Regulamento do ICMS, com reda\u00e7\u00e3o data pelo Decreto n\u00ba 11.206, de 17 de mar\u00e7o de 2023.<\/p>\n\n\n\n<p class=\"wp-block-paragraph\">CONSIDERANDO o Despacho n\u00ba 608\/2023\/SEFAZ &#8211; GSARE (SEI 6889270) Secretaria Adjunta da Receita Estadual &#8211; SARE; e<\/p>\n\n\n\n<p class=\"wp-block-paragraph\">CONSIDERANDO o constante dos autos do processo n\u00ba 0715.012496.00026\/ 2023-60.<\/p>\n\n\n\n<p class=\"wp-block-paragraph\"><strong>RESOLVE<\/strong>:<\/p>\n\n\n\n<p class=\"wp-block-paragraph\">Art. 1\u00ba O Anexo III da Portaria n\u00ba 565, de 29 de novembro de 2016, passa a vigorar com os seguintes acr\u00e9scimos:<\/p>\n\n\n\n<p class=\"has-text-align-center wp-block-paragraph\"><strong>\u201cANEXO III<\/strong><\/p>\n\n\n\n<figure class=\"wp-block-table is-style-regular\"><table><tbody><tr><td colspan=\"4\"><strong>TABELA 5.3<\/strong> <strong>TABELA DE AJUSTES E INFORMA\u00c7\u00d5ES DE VALORES PROVENIENTES DE DOCUMENTOS FISCAIS<\/strong><\/td><\/tr><tr><td><strong>C\u00d3DIGO DA INFORMA\u00c7\u00c3O ADICIONAL<\/strong><\/td><td><strong>&nbsp;<\/strong> <strong>DESCRI\u00c7\u00c3O DA INFORMA\u00c7\u00c3O ADICIONAL<\/strong><\/td><td><strong>DATA DE IN\u00cdCIO<\/strong><\/td><td><strong>DATA DE FIM<\/strong><\/td><\/tr><tr><td>&#8230;<\/td><td>&#8230;<\/td><td>&#8230;<\/td><td>&#8230;<\/td><\/tr><tr><td>AC40000002<\/td><td>Outros d\u00e9bitos; opera\u00e7\u00e3o pr\u00f3pria; reponsabilidade pr\u00f3pria; ICMS a apurar; Mercadoria; D\u00e9bito decorrente da apura\u00e7\u00e3o do Difal referente aquisi\u00e7\u00e3o de bens do ativo imobilizado devido por benefici\u00e1rios do incentivo da Lei n\u00ba 1.358\/2000 e Decreto 15.085\/2006.<\/td><td>01\/04\/2023 &nbsp;<\/td><td>&nbsp;<\/td><\/tr><tr><td>AC40000003<\/td><td>Outros d\u00e9bitos; opera\u00e7\u00e3o pr\u00f3pria; reponsabilidade pr\u00f3pria; ICMS a apurar; Mercadoria; D\u00e9bito decorrente da apura\u00e7\u00e3o do Difal referente aquisi\u00e7\u00e3o de material de uso e consumo por benefici\u00e1rios do incentivo da Lei n\u00ba 1.358\/2000 e Decreto 15.085\/2006.<\/td><td>01\/04\/2023<\/td><td>&nbsp;<\/td><\/tr><tr><td>&#8230;<\/td><td>&#8230;<\/td><td>&#8230;<\/td><td>&#8230;<\/td><\/tr><\/tbody><\/table><\/figure>\n\n\n\n<p class=\"wp-block-paragraph\">(AC)<\/p>\n\n\n\n<p class=\"wp-block-paragraph\">Art. 2\u00ba Esta Portaria entra em vigor na data da sua publica\u00e7\u00e3o.<\/p>\n\n\n\n<p class=\"wp-block-paragraph\">Rio Branco -Acre, 4 de maio de 2023.<\/p>\n","protected":false},"excerpt":{"rendered":"<p>Altera o Anexo III da Portaria n\u00ba 565, de 29 de novembro de 2016.<\/p>\n","protected":false},"author":5,"featured_media":0,"comment_status":"closed","ping_status":"closed","sticky":false,"template":"","format":"standard","meta":{"_acf_changed":false,"footnotes":""},"categories":[3,33],"tags":[35],"class_list":["post-16198","post","type-post","status-publish","format-standard","hentry","category-legislacao","category-portarias","tag-icms"],"acf":[],"_links":{"self":[{"href":"https:\/\/sefaz.ac.gov.br\/2021\/index.php?rest_route=\/wp\/v2\/posts\/16198","targetHints":{"allow":["GET"]}}],"collection":[{"href":"https:\/\/sefaz.ac.gov.br\/2021\/index.php?rest_route=\/wp\/v2\/posts"}],"about":[{"href":"https:\/\/sefaz.ac.gov.br\/2021\/index.php?rest_route=\/wp\/v2\/types\/post"}],"author":[{"embeddable":true,"href":"https:\/\/sefaz.ac.gov.br\/2021\/index.php?rest_route=\/wp\/v2\/users\/5"}],"replies":[{"embeddable":true,"href":"https:\/\/sefaz.ac.gov.br\/2021\/index.php?rest_route=%2Fwp%2Fv2%2Fcomments&post=16198"}],"version-history":[{"count":0,"href":"https:\/\/sefaz.ac.gov.br\/2021\/index.php?rest_route=\/wp\/v2\/posts\/16198\/revisions"}],"wp:attachment":[{"href":"https:\/\/sefaz.ac.gov.br\/2021\/index.php?rest_route=%2Fwp%2Fv2%2Fmedia&parent=16198"}],"wp:term":[{"taxonomy":"category","embeddable":true,"href":"https:\/\/sefaz.ac.gov.br\/2021\/index.php?rest_route=%2Fwp%2Fv2%2Fcategories&post=16198"},{"taxonomy":"post_tag","embeddable":true,"href":"https:\/\/sefaz.ac.gov.br\/2021\/index.php?rest_route=%2Fwp%2Fv2%2Ftags&post=16198"}],"curies":[{"name":"wp","href":"https:\/\/api.w.org\/{rel}","templated":true}]}}