{"id":15558,"date":"2019-06-10T00:16:27","date_gmt":"2019-06-10T03:16:27","guid":{"rendered":"http:\/\/sefaz.acre.gov.br:80\/2021\/?p=15558"},"modified":"2023-05-05T09:19:41","modified_gmt":"2023-05-05T12:19:41","slug":"instrucao-normativa-diat-no-03-de-10-de-junho-de-2019","status":"publish","type":"post","link":"https:\/\/sefaz.ac.gov.br\/2021\/?p=15558","title":{"rendered":"INSTRU\u00c7\u00c3O\u00a0NORMATIVA DIAT\u00a0N\u00ba 03,\u00a0DE\u00a010\u00a0DE JUNHO DE 2019"},"content":{"rendered":"\n<p class=\"wp-block-paragraph\"><strong>O DIRETOR DA ADMINISTRA\u00c7\u00c3O TRIBUT\u00c1RIA<\/strong>, no uso da atribui\u00e7\u00e3o que lhe confere o art. 25, III do Regimento Interno da Secretaria de Estado da Fazenda, aprovado pelo Decreto n.\u00ba 183, de 6 de outubro de 1975, <\/p>\n\n\n\n<p class=\"wp-block-paragraph\">Considerando o Conv\u00eanio ICMS n\u00ba 38, de 5 de abril de 2019, que altera o Conv\u00eanio ICMS n\u00ba 142\/2018, aprovado pelo CONFAZ, na sua 172\u00aa reuni\u00e3o Ordin\u00e1ria, realizada em Bras\u00edlia, DF, no dia 5 de abrl de 2019;<\/p>\n\n\n\n<p class=\"wp-block-paragraph\">Considerando o disposto na Tabela I do Anexo I do RICMS, aprovado pelo Decreto 008, de 26 de janeiro de 1998;<\/p>\n\n\n\n<p class=\"wp-block-paragraph\"><strong>RESOLVE:<\/strong><\/p>\n\n\n\n<p class=\"wp-block-paragraph\">Art. 1\u00ba&nbsp; O Anexo I da Instru\u00e7\u00e3o Normativa\/DEPAT n\u00ba 01\/2019, passa a vigorar com as seguintes altera\u00e7\u00f5es e acr\u00e9scimos conforme Anexo desta Instru\u00e7\u00e3o Normativa.<\/p>\n\n\n\n<p class=\"wp-block-paragraph\">Art. 2\u00ba Esta Instru\u00e7\u00e3o Normativa entra em vigor na data de sua expedi\u00e7\u00e3o.<\/p>\n\n\n\n<p class=\"wp-block-paragraph\">Rio Branco-Acre, 10 de junho de 2019.<\/p>\n","protected":false},"excerpt":{"rendered":"<p>Altera o Anexo I da Instru\u00e7\u00e3o Normativa DEPAT n\u00ba 01\/2019, que disp\u00f5e sobre a simplifica\u00e7\u00e3o do c\u00e1lculo do ICMS a recolher nas entradas interestaduais de mercadorias provenientes de outros Estados ou do Distrito Federal, nas opera\u00e7\u00f5es sujeitas ou n\u00e3o ao encerramento da tributa\u00e7\u00e3o, e nas aquisi\u00e7\u00f5es em licita\u00e7\u00f5es p\u00fablicas.<\/p>\n","protected":false},"author":5,"featured_media":0,"comment_status":"closed","ping_status":"closed","sticky":false,"template":"","format":"standard","meta":{"_acf_changed":false,"footnotes":""},"categories":[34,3],"tags":[35],"class_list":["post-15558","post","type-post","status-publish","format-standard","hentry","category-instrucoes-normativas","category-legislacao","tag-icms"],"acf":[],"_links":{"self":[{"href":"https:\/\/sefaz.ac.gov.br\/2021\/index.php?rest_route=\/wp\/v2\/posts\/15558","targetHints":{"allow":["GET"]}}],"collection":[{"href":"https:\/\/sefaz.ac.gov.br\/2021\/index.php?rest_route=\/wp\/v2\/posts"}],"about":[{"href":"https:\/\/sefaz.ac.gov.br\/2021\/index.php?rest_route=\/wp\/v2\/types\/post"}],"author":[{"embeddable":true,"href":"https:\/\/sefaz.ac.gov.br\/2021\/index.php?rest_route=\/wp\/v2\/users\/5"}],"replies":[{"embeddable":true,"href":"https:\/\/sefaz.ac.gov.br\/2021\/index.php?rest_route=%2Fwp%2Fv2%2Fcomments&post=15558"}],"version-history":[{"count":0,"href":"https:\/\/sefaz.ac.gov.br\/2021\/index.php?rest_route=\/wp\/v2\/posts\/15558\/revisions"}],"wp:attachment":[{"href":"https:\/\/sefaz.ac.gov.br\/2021\/index.php?rest_route=%2Fwp%2Fv2%2Fmedia&parent=15558"}],"wp:term":[{"taxonomy":"category","embeddable":true,"href":"https:\/\/sefaz.ac.gov.br\/2021\/index.php?rest_route=%2Fwp%2Fv2%2Fcategories&post=15558"},{"taxonomy":"post_tag","embeddable":true,"href":"https:\/\/sefaz.ac.gov.br\/2021\/index.php?rest_route=%2Fwp%2Fv2%2Ftags&post=15558"}],"curies":[{"name":"wp","href":"https:\/\/api.w.org\/{rel}","templated":true}]}}