{"id":14661,"date":"2012-07-10T12:54:49","date_gmt":"2012-07-10T15:54:49","guid":{"rendered":"http:\/\/sefaz.acre.gov.br:80\/2021\/?p=14661"},"modified":"2023-04-26T15:03:38","modified_gmt":"2023-04-26T18:03:38","slug":"instrucao-normativa-n-01-2012","status":"publish","type":"post","link":"https:\/\/sefaz.ac.gov.br\/2021\/?p=14661","title":{"rendered":"INSTRU\u00c7\u00c3O NORMATIVA N\u00b0 01, DE 10 DE JULHO 2012"},"content":{"rendered":"\n<p class=\"wp-block-paragraph\"><strong>O DIRETOR DE ADMINISTRA\u00c7\u00c3O TRIBUT\u00c1RIA<\/strong>, no uso da atribui\u00e7\u00e3o que lhe confere o Art. 25, III do Regimento Interno da Secretaria de Estado da Fazenda, aprovado pelo Decreto n.\u00ba 183, de 6 de outubro de 1975, e<\/p>\n\n\n\n<p class=\"wp-block-paragraph\">Considerando as altera\u00e7\u00f5es introduzidas pelo \u00a7 2\u00ba, do artigo 6\u00ba do Decreto n\u00ba 4.050, de 11 de junho de 2012;<\/p>\n\n\n\n<p class=\"wp-block-paragraph\">Considerando a altera\u00e7\u00e3o da sistem\u00e1tica de cobran\u00e7a do ICMS nos casos de substitui\u00e7\u00e3o tribut\u00e1ria n\u00e3o retida.<\/p>\n\n\n\n<p class=\"wp-block-paragraph\"><strong>RESOLVE:<\/strong><\/p>\n\n\n\n<p class=\"wp-block-paragraph\">Art. 1\u00ba &nbsp;Determinar que o lan\u00e7amento do ICMS na hip\u00f3tese do \u00a7 2\u00ba, do artigo 6\u00ba do Decreto n\u00ba 4.050, de 11 de junho de 2012, seja realizado atrav\u00e9s de Notifica\u00e7\u00e3o do ICMS e &nbsp;Termo de Apreens\u00e3o e Dep\u00f3sito, quando da entrada da mercadoria em territ\u00f3rio acreano.<\/p>\n\n\n\n<p class=\"wp-block-paragraph\">Par\u00e1grafo \u00fanico. &nbsp;O imposto lan\u00e7ado na forma deste artigo poder\u00e1 ser recolhido at\u00e9 o \u00faltimo dia do prazo para pagamento consignado na respectiva notifica\u00e7\u00e3o, devendo a mercadoria ser liberada para entrega ao destinat\u00e1rio, sem preju\u00edzo do disposto no artigo 82, do Decreto 08\/98.<\/p>\n\n\n\n<p class=\"wp-block-paragraph\">Art. 2\u00ba &nbsp;Esta Instru\u00e7\u00e3o Normativa entra em vigor na data de sua publica\u00e7\u00e3o, com efeitos a contar da data de sua assinatura.<\/p>\n\n\n\n<p class=\"wp-block-paragraph\">Registre-se, publique-se e cumpra-se. <\/p>\n\n\n\n<p class=\"wp-block-paragraph\">Rio Branco-Acre, 10 de julho de 2012.<\/p>\n","protected":false},"excerpt":{"rendered":"<p>Determina que o lan\u00e7amento do ICMS na hip\u00f3tese do \u00a7 2\u00ba, do artigo 6\u00ba do Decreto n\u00ba 4.050, de 11 de junho de 2012, seja realizado atrav\u00e9s de Notifica\u00e7\u00e3o do ICMS e  Termo de Apreens\u00e3o e Dep\u00f3sito, quando da entrada da mercadoria em territ\u00f3rio acreano.<\/p>\n","protected":false},"author":5,"featured_media":0,"comment_status":"closed","ping_status":"closed","sticky":false,"template":"","format":"standard","meta":{"_acf_changed":false,"footnotes":""},"categories":[34,3],"tags":[35],"class_list":["post-14661","post","type-post","status-publish","format-standard","hentry","category-instrucoes-normativas","category-legislacao","tag-icms"],"acf":[],"_links":{"self":[{"href":"https:\/\/sefaz.ac.gov.br\/2021\/index.php?rest_route=\/wp\/v2\/posts\/14661","targetHints":{"allow":["GET"]}}],"collection":[{"href":"https:\/\/sefaz.ac.gov.br\/2021\/index.php?rest_route=\/wp\/v2\/posts"}],"about":[{"href":"https:\/\/sefaz.ac.gov.br\/2021\/index.php?rest_route=\/wp\/v2\/types\/post"}],"author":[{"embeddable":true,"href":"https:\/\/sefaz.ac.gov.br\/2021\/index.php?rest_route=\/wp\/v2\/users\/5"}],"replies":[{"embeddable":true,"href":"https:\/\/sefaz.ac.gov.br\/2021\/index.php?rest_route=%2Fwp%2Fv2%2Fcomments&post=14661"}],"version-history":[{"count":0,"href":"https:\/\/sefaz.ac.gov.br\/2021\/index.php?rest_route=\/wp\/v2\/posts\/14661\/revisions"}],"wp:attachment":[{"href":"https:\/\/sefaz.ac.gov.br\/2021\/index.php?rest_route=%2Fwp%2Fv2%2Fmedia&parent=14661"}],"wp:term":[{"taxonomy":"category","embeddable":true,"href":"https:\/\/sefaz.ac.gov.br\/2021\/index.php?rest_route=%2Fwp%2Fv2%2Fcategories&post=14661"},{"taxonomy":"post_tag","embeddable":true,"href":"https:\/\/sefaz.ac.gov.br\/2021\/index.php?rest_route=%2Fwp%2Fv2%2Ftags&post=14661"}],"curies":[{"name":"wp","href":"https:\/\/api.w.org\/{rel}","templated":true}]}}