{"id":14649,"date":"2009-08-03T12:25:57","date_gmt":"2009-08-03T15:25:57","guid":{"rendered":"http:\/\/sefaz.acre.gov.br:80\/2021\/?p=14649"},"modified":"2023-04-27T09:33:14","modified_gmt":"2023-04-27T12:33:14","slug":"instrucao-normativa-no-01-de-3-de-agosto-de-2009","status":"publish","type":"post","link":"https:\/\/sefaz.ac.gov.br\/2021\/?p=14649","title":{"rendered":"INSTRU\u00c7\u00c3O NORMATIVA N\u00ba 01, DE\u00a0 3 DE AGOSTO DE 2009"},"content":{"rendered":"\n<p class=\"wp-block-paragraph\"><strong>A Diretora de Administra\u00e7\u00e3o Tribut\u00e1ria <\/strong>no uso da atribui\u00e7\u00e3o que lhe confere o art. 25, inciso III do Regimento Interno da Secretaria de Estado da Fazenda, aprovado pelo Decreto n\u00ba 183, de 6 de outubro de 1975,<\/p>\n\n\n\n<p class=\"wp-block-paragraph\">Considerando&nbsp; as altera\u00e7\u00f5es introduzidas no Conv\u00eanio ICMS 51, de 15 de setembro de 2000, pelo&nbsp; Conv\u00eanio ICMS 58, de 5 de junho de 2008, celebrado na 121\u00aa reuni\u00e3o extraordin\u00e1ria do Conselho Nacional de Pol\u00edtica Fazend\u00e1ria &#8211; CONFAZ.<\/p>\n\n\n\n<p class=\"wp-block-paragraph\"><strong>RESOLVE<\/strong>:<\/p>\n\n\n\n<p class=\"wp-block-paragraph\">Art. 1\u00ba&nbsp; Revogar a Instru\u00e7\u00e3o Normativa n\u00ba 01, de 14 de maio de 2008.<\/p>\n\n\n\n<p class=\"wp-block-paragraph\">Art. 2\u00ba Esta Instru\u00e7\u00e3o Normativa entra em vigor na data de sua publica\u00e7\u00e3o.<\/p>\n\n\n\n<p class=\"wp-block-paragraph\">Rio Branco-Acre, 3 de agosto de 2009.<\/p>\n","protected":false},"excerpt":{"rendered":"<p>Revoga a Instru\u00e7\u00e3o Normativa n\u00ba 01, de<br \/>\n14 de maio de 2008.<\/p>\n","protected":false},"author":5,"featured_media":0,"comment_status":"closed","ping_status":"closed","sticky":false,"template":"","format":"standard","meta":{"_acf_changed":false,"footnotes":""},"categories":[34,3],"tags":[35],"class_list":["post-14649","post","type-post","status-publish","format-standard","hentry","category-instrucoes-normativas","category-legislacao","tag-icms"],"acf":[],"_links":{"self":[{"href":"https:\/\/sefaz.ac.gov.br\/2021\/index.php?rest_route=\/wp\/v2\/posts\/14649","targetHints":{"allow":["GET"]}}],"collection":[{"href":"https:\/\/sefaz.ac.gov.br\/2021\/index.php?rest_route=\/wp\/v2\/posts"}],"about":[{"href":"https:\/\/sefaz.ac.gov.br\/2021\/index.php?rest_route=\/wp\/v2\/types\/post"}],"author":[{"embeddable":true,"href":"https:\/\/sefaz.ac.gov.br\/2021\/index.php?rest_route=\/wp\/v2\/users\/5"}],"replies":[{"embeddable":true,"href":"https:\/\/sefaz.ac.gov.br\/2021\/index.php?rest_route=%2Fwp%2Fv2%2Fcomments&post=14649"}],"version-history":[{"count":0,"href":"https:\/\/sefaz.ac.gov.br\/2021\/index.php?rest_route=\/wp\/v2\/posts\/14649\/revisions"}],"wp:attachment":[{"href":"https:\/\/sefaz.ac.gov.br\/2021\/index.php?rest_route=%2Fwp%2Fv2%2Fmedia&parent=14649"}],"wp:term":[{"taxonomy":"category","embeddable":true,"href":"https:\/\/sefaz.ac.gov.br\/2021\/index.php?rest_route=%2Fwp%2Fv2%2Fcategories&post=14649"},{"taxonomy":"post_tag","embeddable":true,"href":"https:\/\/sefaz.ac.gov.br\/2021\/index.php?rest_route=%2Fwp%2Fv2%2Ftags&post=14649"}],"curies":[{"name":"wp","href":"https:\/\/api.w.org\/{rel}","templated":true}]}}