{"id":14646,"date":"2007-07-17T12:16:58","date_gmt":"2007-07-17T15:16:58","guid":{"rendered":"http:\/\/sefaz.acre.gov.br:80\/2021\/?p=14646"},"modified":"2023-04-26T14:18:43","modified_gmt":"2023-04-26T17:18:43","slug":"instrucao-normativa-n-01-2007","status":"publish","type":"post","link":"https:\/\/sefaz.ac.gov.br\/2021\/?p=14646","title":{"rendered":"INSTRU\u00c7\u00c3O NORMATIVA N\u00b0 01, DE 17 DE JULHO DE 2007"},"content":{"rendered":"\n<p class=\"wp-block-paragraph\"><strong>A DIRETORA DE ADMINISTRA\u00c7\u00c3O TRIBUT\u00c1RIA<\/strong>, no uso da atribui\u00e7\u00e3o que lhe confere o Art. 25, III do regimento interno da Secretaria de Estado da Fazenda e Gest\u00e3o P\u00fablica, aprovado pelo decreto n\u00ba 183 de 06 de outubro de 1975.<\/p>\n\n\n\n<p class=\"wp-block-paragraph\">Considerando a necessidade de estabelecer mecanismos de controle sobre mercadoria em tr\u00e2nsito pelo territ\u00f3rio acreano, destinada \u00e0s \u00c1reas de Livre Com\u00e9rcio (ALC),<\/p>\n\n\n\n<p class=\"wp-block-paragraph\">Considerando o disposto no artigo 2\u00b0 do decreto n\u00ba 15.503, de 07 de dezembro de 2006,<\/p>\n\n\n\n<p class=\"wp-block-paragraph\"><strong>DETERMINA:<\/strong><\/p>\n\n\n\n<p class=\"wp-block-paragraph\">Art. 1\u00ba Ser\u00e1 lavrado, por ocasi\u00e3o da entrada de mercadoria no \u00e2mbito do Estado do Acre, o Passe Fiscal para \u00c1reas de Livre Com\u00e9rcio, para fins de controle de mercadoria entrada neste Estado e destinada \u00e0s \u00c1reas de Livre Com\u00e9rcio, em tr\u00e2nsito no percurso.<\/p>\n\n\n\n<p class=\"wp-block-paragraph\">\u00a7 1\u00b0 No documento de que trata o caput deste artigo, dever\u00e3o constar os dados que permitam a completa identifica\u00e7\u00e3o da mercadoria, do fornecedor, do destinat\u00e1rio, do ve\u00edculo transportador, da empresa a que pertence e do seu condutor.<\/p>\n\n\n\n<p class=\"wp-block-paragraph\">\u00a7 2\u00b0 O Passe Fiscal de Mercadoria destinada \u00e0s \u00c1reas de Livre Com\u00e9rcio ser\u00e1 emitido, de forma leg\u00edvel, sem rasuras ou emendas que prejudiquem as informa\u00e7\u00f5es do documento, em nome do transportador, no momento da entrada da mercadoria em territ\u00f3rio acreano, pelo primero Posto Fiscal de fronteira deste Estado.<\/p>\n\n\n\n<p class=\"wp-block-paragraph\">Art. 2\u00ba Quando da passagem das mercadorias ou bens pelo Posto Fiscal, o transportador dever\u00e1 apresentar a documenta\u00e7\u00e3o fiscal, inclusive o Passe Fiscal da mercadoria destinada \u00e0 \u00c1rea de Livre Com\u00e9rcio, para que sejam efetuados os registros de sa\u00edda.<\/p>\n\n\n\n<p class=\"wp-block-paragraph\">Art. 3\u00ba&nbsp; \u00c9 obriga\u00e7\u00e3o do transportador, proceder a baixa do Passe Fiscal de Mercadoria destinada \u00e0s \u00c1reas de Livre Com\u00e9rcio.<\/p>\n\n\n\n<p class=\"wp-block-paragraph\">\u00a7 1\u00ba Fica permitida a transfer\u00eancia de responsabilidade da baixa do Passe Fiscal de Mercadoria, pelo transportador, destinada \u00e0s \u00c1reas de Livre Com\u00e9rcio para o destinat\u00e1rio ou prestador de servi\u00e7o regularmente inscrito no Cadastro de Contribuintes do Estado, quando da impossibilidade deste, efetuar a devida baixa.<\/p>\n\n\n\n<p class=\"wp-block-paragraph\">\u00a7 2\u00ba&nbsp; No ato da transfer\u00eancia, o destinat\u00e1rio localizado na \u00c1rea de Livre Com\u00e9rcio, ou prestador de servi\u00e7o dever\u00e1 declarar, no verso do pr\u00f3prio Passe Fiscal, que assumir\u00e1 a responsabilidade da baixa do referido documento.<\/p>\n\n\n\n<p class=\"wp-block-paragraph\">\u00a7 3\u00ba&nbsp; Ser\u00e1 considerado irregular o Passe Fiscal que n\u00e3o tenha a sua baixa efetuada:<\/p>\n\n\n\n<p class=\"wp-block-paragraph\">I- no prazo de 30 (trinta) dias ap\u00f3s a sua emiss\u00e3o;<\/p>\n\n\n\n<p class=\"wp-block-paragraph\">II- em qualquer prazo, caso tenha sido o transportador localizado, em territ\u00f3rio acreano, sem a carga objeto do referido passe.<\/p>\n\n\n\n<p class=\"wp-block-paragraph\">Art. 4\u00b0&nbsp; Esta Instru\u00e7\u00e3o Normativa entra em vigor na data de sua publica\u00e7\u00e3o.<\/p>\n\n\n\n<p class=\"wp-block-paragraph\">Registre-se, publique-se e cumpra-se.<\/p>\n\n\n\n<p class=\"wp-block-paragraph\">Rio Branco-Acre, 17 de julho de 2007.<\/p>\n","protected":false},"excerpt":{"rendered":"<p>Disciplina os procedimentos relacionados \u00e0 baixa do Passe Fiscal nas \u00c1reas de Livre Com\u00e9rcio.<\/p>\n","protected":false},"author":5,"featured_media":0,"comment_status":"closed","ping_status":"closed","sticky":false,"template":"","format":"standard","meta":{"_acf_changed":false,"footnotes":""},"categories":[34,3],"tags":[35],"class_list":["post-14646","post","type-post","status-publish","format-standard","hentry","category-instrucoes-normativas","category-legislacao","tag-icms"],"acf":[],"_links":{"self":[{"href":"https:\/\/sefaz.ac.gov.br\/2021\/index.php?rest_route=\/wp\/v2\/posts\/14646","targetHints":{"allow":["GET"]}}],"collection":[{"href":"https:\/\/sefaz.ac.gov.br\/2021\/index.php?rest_route=\/wp\/v2\/posts"}],"about":[{"href":"https:\/\/sefaz.ac.gov.br\/2021\/index.php?rest_route=\/wp\/v2\/types\/post"}],"author":[{"embeddable":true,"href":"https:\/\/sefaz.ac.gov.br\/2021\/index.php?rest_route=\/wp\/v2\/users\/5"}],"replies":[{"embeddable":true,"href":"https:\/\/sefaz.ac.gov.br\/2021\/index.php?rest_route=%2Fwp%2Fv2%2Fcomments&post=14646"}],"version-history":[{"count":0,"href":"https:\/\/sefaz.ac.gov.br\/2021\/index.php?rest_route=\/wp\/v2\/posts\/14646\/revisions"}],"wp:attachment":[{"href":"https:\/\/sefaz.ac.gov.br\/2021\/index.php?rest_route=%2Fwp%2Fv2%2Fmedia&parent=14646"}],"wp:term":[{"taxonomy":"category","embeddable":true,"href":"https:\/\/sefaz.ac.gov.br\/2021\/index.php?rest_route=%2Fwp%2Fv2%2Fcategories&post=14646"},{"taxonomy":"post_tag","embeddable":true,"href":"https:\/\/sefaz.ac.gov.br\/2021\/index.php?rest_route=%2Fwp%2Fv2%2Ftags&post=14646"}],"curies":[{"name":"wp","href":"https:\/\/api.w.org\/{rel}","templated":true}]}}