{"id":14132,"date":"2020-10-22T15:15:10","date_gmt":"2020-10-22T18:15:10","guid":{"rendered":"http:\/\/sefaz.acre.gov.br:80\/2021\/?p=14132"},"modified":"2026-04-01T12:22:49","modified_gmt":"2026-04-01T15:22:49","slug":"portaria-no-280-de-22-de-outubro-de-2020","status":"publish","type":"post","link":"https:\/\/sefaz.ac.gov.br\/2021\/?p=14132","title":{"rendered":"PORTARIA N\u00ba 280, DE 22 DE OUTUBRO DE 2020"},"content":{"rendered":"\r\n<p class=\"wp-block-paragraph\"><strong>O SECRET\u00c1RIO DE ESTADO DA FAZENDA<\/strong>, no uso das atribui\u00e7\u00f5es legais que lhe confere o Decreto n\u00ba 6.511, de 5 de agosto de 2020; e<\/p>\r\n\r\n\r\n\r\n<p class=\"wp-block-paragraph\">Considerando o art. 65, II, do Regimento Interno da Secretaria de Estado da Fazenda, aprovado pelo Decreto n\u00ba 183, de 6 de outubro de 1975;<\/p>\r\n\r\n\r\n\r\n<p class=\"wp-block-paragraph\"><strong>RESOLVE:<\/strong><\/p>\r\n\r\n\r\n\r\n<p class=\"wp-block-paragraph\">Art. 1\u00ba \u00a0A <a href=\"https:\/\/sefaz.ac.gov.br\/2021\/?p=14097\" target=\"_blank\" rel=\"noreferrer noopener\">Portaria n\u00ba 205, de 17 de agosto de 2020<\/a>, passa a vigorar com as seguintes altera\u00e7\u00f5es:<\/p>\r\n\r\n\r\n\r\n<blockquote class=\"wp-block-quote is-layout-flow wp-block-quote-is-layout-flow\">\r\n<p class=\"wp-block-paragraph\">\u201cArt. 1\u00ba \u00a0Ser\u00e1 autorizada a emiss\u00e3o da Nota Fiscal Avulsa Eletr\u00f4nica (NFA-e), nas Ag\u00eancias da Secretaria de Estado da Fazenda, excepcionalmente, na opera\u00e7\u00e3o de circula\u00e7\u00e3o de mercadoria ou bem promovida por Unidade Familiar de Produ\u00e7\u00e3o Rural ou por Associa\u00e7\u00f5es de produtores da Agricultura Familiar organizadas em pessoas jur\u00eddicas desde que participem do Programa de Aquisi\u00e7\u00e3o de Alimentos (PAA), ou do Programa Nacional de Alimenta\u00e7\u00e3o Escolar (PNAE) ou do Programa de Desenvolvimento Sustent\u00e1vel do Acre (PDSA II).<\/p>\r\n\r\n\r\n\r\n<p class=\"wp-block-paragraph\">Par\u00e1grafo \u00fanico. \u00a0Para a emiss\u00e3o da NFA-e ser\u00e1 obrigat\u00f3ria a apresenta\u00e7\u00e3o da Declara\u00e7\u00e3o de Aptid\u00e3o ao Pronaf &#8211; DAP, na situa\u00e7\u00e3o ativa, emitida nos \u00faltimos 60 (sessenta dias), nos modelos de Unidades Familiares de Produ\u00e7\u00e3o Rural, identificadas consoante o disposto no inciso I do art. 4\u00ba da Portaria n\u00ba 1, de 13 de abril de 2017, da Secretaria Especial de Agricultura Familiar ou da DAP jur\u00eddica, na situa\u00e7\u00e3o ativa, identificada consoante o disposto na letra \u201ca\u201d, inciso II, do art. 4\u00ba da Portaria n\u00ba 1\/2017, da Secretaria Especial de Agricultura Familiar.\u201d (NR)<\/p>\r\n<\/blockquote>\r\n\r\n\r\n\r\n<p class=\"wp-block-paragraph\">Art. 2\u00ba \u00a0Esta Portaria entra em vigor na data de sua publica\u00e7\u00e3o.<\/p>\r\n\r\n\r\n\r\n<p class=\"wp-block-paragraph\">Rio Branco-Acre, 22 de outubro de 2020.<\/p>\r\n","protected":false},"excerpt":{"rendered":"<p>Altera a Portaria n\u00ba 205, de 17 de agosto de 2020, que autoriza, excepcionalmente, a emiss\u00e3o da Nota Fiscal Avulsa Eletr\u00f4nica (NFA-e) nos casos em que espec\u00edfica.<\/p>\n","protected":false},"author":5,"featured_media":0,"comment_status":"closed","ping_status":"closed","sticky":false,"template":"","format":"standard","meta":{"_acf_changed":false,"footnotes":""},"categories":[3,33],"tags":[35],"class_list":["post-14132","post","type-post","status-publish","format-standard","hentry","category-legislacao","category-portarias","tag-icms"],"acf":[],"_links":{"self":[{"href":"https:\/\/sefaz.ac.gov.br\/2021\/index.php?rest_route=\/wp\/v2\/posts\/14132","targetHints":{"allow":["GET"]}}],"collection":[{"href":"https:\/\/sefaz.ac.gov.br\/2021\/index.php?rest_route=\/wp\/v2\/posts"}],"about":[{"href":"https:\/\/sefaz.ac.gov.br\/2021\/index.php?rest_route=\/wp\/v2\/types\/post"}],"author":[{"embeddable":true,"href":"https:\/\/sefaz.ac.gov.br\/2021\/index.php?rest_route=\/wp\/v2\/users\/5"}],"replies":[{"embeddable":true,"href":"https:\/\/sefaz.ac.gov.br\/2021\/index.php?rest_route=%2Fwp%2Fv2%2Fcomments&post=14132"}],"version-history":[{"count":1,"href":"https:\/\/sefaz.ac.gov.br\/2021\/index.php?rest_route=\/wp\/v2\/posts\/14132\/revisions"}],"predecessor-version":[{"id":24085,"href":"https:\/\/sefaz.ac.gov.br\/2021\/index.php?rest_route=\/wp\/v2\/posts\/14132\/revisions\/24085"}],"wp:attachment":[{"href":"https:\/\/sefaz.ac.gov.br\/2021\/index.php?rest_route=%2Fwp%2Fv2%2Fmedia&parent=14132"}],"wp:term":[{"taxonomy":"category","embeddable":true,"href":"https:\/\/sefaz.ac.gov.br\/2021\/index.php?rest_route=%2Fwp%2Fv2%2Fcategories&post=14132"},{"taxonomy":"post_tag","embeddable":true,"href":"https:\/\/sefaz.ac.gov.br\/2021\/index.php?rest_route=%2Fwp%2Fv2%2Ftags&post=14132"}],"curies":[{"name":"wp","href":"https:\/\/api.w.org\/{rel}","templated":true}]}}