{"id":14111,"date":"2020-08-24T14:59:27","date_gmt":"2020-08-24T17:59:27","guid":{"rendered":"http:\/\/sefaz.acre.gov.br:80\/2021\/?p=14111"},"modified":"2023-05-02T12:35:56","modified_gmt":"2023-05-02T15:35:56","slug":"portaria-no-209-de-24-de-agosto-de-2020","status":"publish","type":"post","link":"https:\/\/sefaz.ac.gov.br\/2021\/?p=14111","title":{"rendered":"PORTARIA N\u00ba 209 DE 24 DE AGOSTO DE 2020"},"content":{"rendered":"\n<p class=\"wp-block-paragraph\"><strong>O SECRET\u00c1RIO DE ESTADO DA FAZENDA,<\/strong> no uso de suas atribui\u00e7\u00f5es constitucionais e legais, que lhe confere o Decreto n\u00ba 6.511, de 05 de agosto de 2020, publicado no Di\u00e1rio Oficial n\u00ba 12.855, de 10 de agosto de 2020; e<\/p>\n\n\n\n<p class=\"wp-block-paragraph\">Considerando o art.65, II, do Decreto n\u00ba 183, de 6 de outubro de 1975, que aprovou o Regimento Interno da Secretaria de Estado da Fazenda;<\/p>\n\n\n\n<p class=\"wp-block-paragraph\">Considerando que \u00e9 indispens\u00e1vel e urgente que se estabele\u00e7a um plano de a\u00e7\u00e3o voltado para compreender o momento atual e definir estrat\u00e9gias, em especial, para o retorno das atividades presenciais;<\/p>\n\n\n\n<p class=\"wp-block-paragraph\">Considerando a necessidade de deflagrar a\u00e7\u00f5es planejadas para retomada gradual das atividades presenciais na Secretaria de Estado da Fazen\u00adda, a objetivar seguran\u00e7a dos agentes p\u00fablicos e usu\u00e1rios dos servi\u00e7os prestados pela Institui\u00e7\u00e3o;<\/p>\n\n\n\n<p class=\"wp-block-paragraph\"><strong>RESOLVE:<\/strong><\/p>\n\n\n\n<p class=\"wp-block-paragraph\">Art. 1\u00ba&nbsp; Instituir a Comiss\u00e3o \u201cSEFAZ sem COVID\u201d para elaborar e gerenciar Plano de A\u00e7\u00e3o, visando \u00e0 continuidade de a\u00e7\u00f5es em teletrabalho e a retomada das atividades presenciais na Secretaria de Estado da Fazenda.<\/p>\n\n\n\n<p class=\"wp-block-paragraph\">Art. 2\u00ba &nbsp;A Comiss\u00e3o fica constitu\u00edda pelos seguintes servidores:<\/p>\n\n\n\n<p class=\"wp-block-paragraph\">I &#8211; Breno Geovane Azevedo Caetano &#8211; Presidente;<\/p>\n\n\n\n<p class=\"wp-block-paragraph\">II &#8211; Adriano Magalh\u00e3es da Silva;<\/p>\n\n\n\n<p class=\"wp-block-paragraph\">III &#8211; Camila Fontinele da Silva Caruta;<\/p>\n\n\n\n<p class=\"wp-block-paragraph\">IV &#8211; Ivone Maria Andrade de Oliveira;<\/p>\n\n\n\n<p class=\"wp-block-paragraph\">V &#8211; Silvia Elena Aguirre de Souza;<\/p>\n\n\n\n<p class=\"wp-block-paragraph\">VI &#8211; Willian da Silva Brasil; e<\/p>\n\n\n\n<p class=\"wp-block-paragraph\">VII &#8211; Maria Ara\u00fajo<\/p>\n\n\n\n<p class=\"wp-block-paragraph\">Art. 3\u00ba &nbsp;A referida Comiss\u00e3o ter\u00e1 o prazo 30 (trinta) dias para conclus\u00e3o dos trabalhos.<\/p>\n\n\n\n<p class=\"wp-block-paragraph\">Art.4\u00ba &nbsp;Esta Portaria entra em vigor na data da sua publica\u00e7\u00e3o.<\/p>\n\n\n\n<p class=\"wp-block-paragraph\">Rio Branco &#8211; Acre, 24 de agosto de 2020.<\/p>\n","protected":false},"excerpt":{"rendered":"<p>Institui a Comiss\u00e3o \u201cSEFAZ sem COVID\u201d para elaborar e gerenciar Plano de A\u00e7\u00e3o, visando \u00e0 continuidade de a\u00e7\u00f5es em teletrabalho e a retomada das atividades presenciais na Secretaria de Estado da Fazenda.<\/p>\n","protected":false},"author":5,"featured_media":0,"comment_status":"closed","ping_status":"closed","sticky":false,"template":"","format":"standard","meta":{"_acf_changed":false,"footnotes":""},"categories":[3,33],"tags":[73],"class_list":["post-14111","post","type-post","status-publish","format-standard","hentry","category-legislacao","category-portarias","tag-legislacao-institucional-e-funcional"],"acf":[],"_links":{"self":[{"href":"https:\/\/sefaz.ac.gov.br\/2021\/index.php?rest_route=\/wp\/v2\/posts\/14111","targetHints":{"allow":["GET"]}}],"collection":[{"href":"https:\/\/sefaz.ac.gov.br\/2021\/index.php?rest_route=\/wp\/v2\/posts"}],"about":[{"href":"https:\/\/sefaz.ac.gov.br\/2021\/index.php?rest_route=\/wp\/v2\/types\/post"}],"author":[{"embeddable":true,"href":"https:\/\/sefaz.ac.gov.br\/2021\/index.php?rest_route=\/wp\/v2\/users\/5"}],"replies":[{"embeddable":true,"href":"https:\/\/sefaz.ac.gov.br\/2021\/index.php?rest_route=%2Fwp%2Fv2%2Fcomments&post=14111"}],"version-history":[{"count":0,"href":"https:\/\/sefaz.ac.gov.br\/2021\/index.php?rest_route=\/wp\/v2\/posts\/14111\/revisions"}],"wp:attachment":[{"href":"https:\/\/sefaz.ac.gov.br\/2021\/index.php?rest_route=%2Fwp%2Fv2%2Fmedia&parent=14111"}],"wp:term":[{"taxonomy":"category","embeddable":true,"href":"https:\/\/sefaz.ac.gov.br\/2021\/index.php?rest_route=%2Fwp%2Fv2%2Fcategories&post=14111"},{"taxonomy":"post_tag","embeddable":true,"href":"https:\/\/sefaz.ac.gov.br\/2021\/index.php?rest_route=%2Fwp%2Fv2%2Ftags&post=14111"}],"curies":[{"name":"wp","href":"https:\/\/api.w.org\/{rel}","templated":true}]}}