{"id":14094,"date":"2020-08-13T14:49:38","date_gmt":"2020-08-13T17:49:38","guid":{"rendered":"http:\/\/sefaz.acre.gov.br:80\/2021\/?p=14094"},"modified":"2026-04-01T12:22:35","modified_gmt":"2026-04-01T15:22:35","slug":"portaria-no-204-de-13-de-agosto-de-2020","status":"publish","type":"post","link":"https:\/\/sefaz.ac.gov.br\/2021\/?p=14094","title":{"rendered":"PORTARIA N\u00ba 204, DE 13 DE AGOSTO DE 2020"},"content":{"rendered":"\r\n<p class=\"wp-block-paragraph\"><strong>O SECRET\u00c1RIO DE ESTADO DA FAZENDA<\/strong>, no uso de suas atribui\u00e7\u00f5es constitucionais e legais, que lhe confere o Decreto n\u00ba 6.511, de 5 de agosto de 2020, publicado no Di\u00e1rio Oficial n\u00ba 12.855, de 10 de agosto de 2020; e<\/p>\r\n\r\n\r\n\r\n<p class=\"wp-block-paragraph\">Considerando o art. 65, II, do Regimento Interno da Secretaria de Estado da Fazenda, aprovado pelo Decreto n\u00ba 183, de 06 de outubro de 1975;<\/p>\r\n\r\n\r\n\r\n<p class=\"wp-block-paragraph\"><strong>R E S O L V E:<\/strong><\/p>\r\n\r\n\r\n\r\n<p class=\"wp-block-paragraph\">Art. 1\u00ba A <a href=\"https:\/\/sefaz.ac.gov.br\/2021\/?p=13734\" target=\"_blank\" rel=\"noreferrer noopener\">Portaria 689, de 1\u00ba de novembro de 2019<\/a>, passa a vigorar com a seguinte altera\u00e7\u00e3o em seu art. 5\u00ba:<\/p>\r\n\r\n\r\n\r\n<blockquote class=\"wp-block-quote is-layout-flow wp-block-quote-is-layout-flow\">\r\n<p class=\"wp-block-paragraph\">\u201cArt. 5\u00ba \u2026\u2026\u2026\u2026\u2026\u2026\u2026\u2026\u2026\u2026\u2026\u2026\u2026\u2026\u2026\u2026\u2026\u2026\u2026\u2026\u2026\u2026\u2026\u2026\u2026\u2026\u2026\u2026\u2026\u2026\u2026\u2026\u2026\u2026<br \/>\u00a7 2\u00ba \u2026\u2026\u2026\u2026\u2026\u2026\u2026\u2026\u2026\u2026\u2026\u2026\u2026\u2026\u2026\u2026\u2026\u2026\u2026\u2026\u2026\u2026\u2026\u2026\u2026\u2026\u2026\u2026\u2026\u2026\u2026\u2026\u2026\u2026\u2026\u2026.<br \/>\u2026\u2026\u2026\u2026\u2026\u2026\u2026\u2026\u2026\u2026\u2026\u2026\u2026\u2026\u2026\u2026\u2026\u2026\u2026\u2026\u2026\u2026\u2026\u2026\u2026\u2026\u2026\u2026\u2026\u2026\u2026\u2026\u2026\u2026\u2026\u2026\u2026\u2026\u2026<br \/>II &#8211; somat\u00f3rio do valor dos servi\u00e7os de transporte de mercadoria tomados, no munic\u00edpio onde a empresa tomadora est\u00e1 estabelecida, apurado pelos Conhecimentos de Transportes Eletr\u00f4nicos emitidos no exerc\u00edcio, por empresas estabelecidas no Estado do Acre ou noutra unidade da Federa\u00e7\u00e3o. \u2026\u2026\u2026\u2026\u2026\u2026\u2026\u2026\u2026\u2026\u2026\u2026\u2026\u2026\u2026\u2026\u2026\u2026\u2026\u2026\u2026\u2026\u2026\u2026\u2026\u2026\u2026\u2026\u2026\u2026\u2026\u2026\u2026\u2026\u2026..<br \/>\u00a7 6\u00ba A vari\u00e1vel RSN da express\u00e3o matem\u00e1tica definida no caput \u00e9 obtida, para cada munic\u00edpio, pela soma dos seguintes valores referentes ao exerc\u00edcio em apura\u00e7\u00e3o:<br \/>I &#8211; somat\u00f3rio do valor da Receita Bruta decorrente de opera\u00e7\u00f5es sujeitas ao ICMS declaradas no PGDAS-D, deduzido o valor das presta\u00e7\u00f5es de servi\u00e7os constantes dos Conhecimentos de Transportes Eletr\u00f4nicos emitidos por empresas do Simples Nacional domiciliadas no correspondente munic\u00edpio;<br \/>II &#8211; somat\u00f3rio do valor da presta\u00e7\u00e3o de servi\u00e7o de transporte de mercadoria iniciados no munic\u00edpio, apurado pelos Conhecimentos de Transportes Eletr\u00f4nicos, emitidos por empresas optantes pelo Simples Nacional estabelecidas no Estado do Acre ou noutra unidade da Federa\u00e7\u00e3o.\u201d (NR)<\/p>\r\n<\/blockquote>\r\n\r\n\r\n\r\n<p class=\"wp-block-paragraph\">Art. 2\u00ba Esta Portaria entra em vigor na data de sua publica\u00e7\u00e3o.<\/p>\r\n\r\n\r\n\r\n<p class=\"wp-block-paragraph\">Rio Branco &#8211; Acre, 13 de agosto de 2020.<\/p>\r\n","protected":false},"excerpt":{"rendered":"<p>Altera a Portaria 689, de 1\u00ba de novembro de 2019, que disp\u00f5e sobre os procedimentos para a apura\u00e7\u00e3o do Valor Adicionado Fiscal dos munic\u00edpios. <\/p>\n","protected":false},"author":5,"featured_media":0,"comment_status":"closed","ping_status":"closed","sticky":false,"template":"","format":"standard","meta":{"_acf_changed":false,"footnotes":""},"categories":[3,33],"tags":[35],"class_list":["post-14094","post","type-post","status-publish","format-standard","hentry","category-legislacao","category-portarias","tag-icms"],"acf":[],"_links":{"self":[{"href":"https:\/\/sefaz.ac.gov.br\/2021\/index.php?rest_route=\/wp\/v2\/posts\/14094","targetHints":{"allow":["GET"]}}],"collection":[{"href":"https:\/\/sefaz.ac.gov.br\/2021\/index.php?rest_route=\/wp\/v2\/posts"}],"about":[{"href":"https:\/\/sefaz.ac.gov.br\/2021\/index.php?rest_route=\/wp\/v2\/types\/post"}],"author":[{"embeddable":true,"href":"https:\/\/sefaz.ac.gov.br\/2021\/index.php?rest_route=\/wp\/v2\/users\/5"}],"replies":[{"embeddable":true,"href":"https:\/\/sefaz.ac.gov.br\/2021\/index.php?rest_route=%2Fwp%2Fv2%2Fcomments&post=14094"}],"version-history":[{"count":1,"href":"https:\/\/sefaz.ac.gov.br\/2021\/index.php?rest_route=\/wp\/v2\/posts\/14094\/revisions"}],"predecessor-version":[{"id":24084,"href":"https:\/\/sefaz.ac.gov.br\/2021\/index.php?rest_route=\/wp\/v2\/posts\/14094\/revisions\/24084"}],"wp:attachment":[{"href":"https:\/\/sefaz.ac.gov.br\/2021\/index.php?rest_route=%2Fwp%2Fv2%2Fmedia&parent=14094"}],"wp:term":[{"taxonomy":"category","embeddable":true,"href":"https:\/\/sefaz.ac.gov.br\/2021\/index.php?rest_route=%2Fwp%2Fv2%2Fcategories&post=14094"},{"taxonomy":"post_tag","embeddable":true,"href":"https:\/\/sefaz.ac.gov.br\/2021\/index.php?rest_route=%2Fwp%2Fv2%2Ftags&post=14094"}],"curies":[{"name":"wp","href":"https:\/\/api.w.org\/{rel}","templated":true}]}}