{"id":14090,"date":"2020-07-31T14:47:51","date_gmt":"2020-07-31T17:47:51","guid":{"rendered":"http:\/\/sefaz.acre.gov.br:80\/2021\/?p=14090"},"modified":"2023-05-02T12:24:51","modified_gmt":"2023-05-02T15:24:51","slug":"portaria-no-203-de-31-de-julho-de-2020","status":"publish","type":"post","link":"https:\/\/sefaz.ac.gov.br\/2021\/?p=14090","title":{"rendered":"PORTARIA N\u00ba 203, DE 31 DE JULHO DE 2020"},"content":{"rendered":"\n<p class=\"wp-block-paragraph\"><strong>O SECRET\u00c1RIO DE ESTADO DA FAZENDA<\/strong>, no uso de suas atribui\u00e7\u00f5es legais, que lhe confere o Decreto n\u00ba 6.287, de 6 de julho de 2020, publicado no Di\u00e1rio Oficial n\u00ba 12.833, de 7 de julho de 2020, tendo em vista o disposto no art. 98 e ss., do Regulamento do Imposto sobre Opera\u00e7\u00f5es Relativas \u00e0 Circula\u00e7\u00e3o de Mercadorias e sobre Presta\u00e7\u00e3o de Servi\u00e7os de Transporte Interestadual e Intermunicipal e de Comunica\u00e7\u00e3o &#8211; RICMS, aprovado pelo Decreto n\u00ba 008, de 26 de janeiro de 1998; e<\/p>\n\n\n\n<p class=\"wp-block-paragraph\">Considerando o disposto no art. 4\u00ba, da Lei Complementar n\u00ba 123, de 14 de dezembro de 2006, que determina a unicidade do processo de registro e de legaliza\u00e7\u00e3o de empres\u00e1rios e de pessoas jur\u00eddicas;<\/p>\n\n\n\n<p class=\"wp-block-paragraph\">Considerando, ainda, o disposto no art. 7\u00ba, da Portaria n\u00ba 736, de 26 de dezembro de 2011, e, o disposto no art. 9\u00ba da Portaria n\u00ba 050, de 17 de fevereiro de 2020;<\/p>\n\n\n\n<p class=\"wp-block-paragraph\"><strong>R E S O L V E<\/strong>:<\/p>\n\n\n\n<p class=\"wp-block-paragraph\">Art. 1\u00ba Estabelecer que, ap\u00f3s a concess\u00e3o de inscri\u00e7\u00e3o estadual no Cadastro de Contribuintes do ICMS do Estado do Acre \u00e0s empresas com as seguintes atividades e respectivos CNAE\u2019s a seguir identificados, ser\u00e1 exigida dilig\u00eancia fiscal com objetivo de verificar a consist\u00eancia das informa\u00e7\u00f5es prestadas pelos respectivos contribuintes:<\/p>\n\n\n\n<p class=\"wp-block-paragraph\">I &#8211; com\u00e9rcio atacadista de caf\u00e9 em gr\u00e3o, CNAE 46.21-4\/00; e<\/p>\n\n\n\n<p class=\"wp-block-paragraph\">II &#8211; com\u00e9rcio atacadista de cereais e leguminosas beneficiadas, CNAE 46.32-0\/01.<\/p>\n\n\n\n<p class=\"wp-block-paragraph\">Par\u00e1grafo \u00fanico. Ap\u00f3s a realiza\u00e7\u00e3o da dilig\u00eancia fiscal se for detectada alguma irregularidade em rela\u00e7\u00e3o \u00e0s informa\u00e7\u00f5es prestadas, mediante ato fundamentado do Agente Fiscal, a inscri\u00e7\u00e3o estadual ser\u00e1 imediatamente cancelada pela autoridade competente, sem preju\u00edzo da aplica\u00e7\u00e3o das penalidades cab\u00edveis.<\/p>\n\n\n\n<p class=\"wp-block-paragraph\">Art. 2\u00ba Esta Portaria entra em vigor na data de sua publica\u00e7\u00e3o.<\/p>\n\n\n\n<p class=\"wp-block-paragraph\">Registre-se. Publique-se. Cumpra-se.<\/p>\n\n\n\n<p class=\"wp-block-paragraph\">Rio Branco &#8211; Acre, 31 de julho de 2020.<\/p>\n","protected":false},"excerpt":{"rendered":"<p>Estabelece que, ap\u00f3s a concess\u00e3o de inscri\u00e7\u00e3o estadual no Cadastro de Contribuintes do ICMS do Estado do Acre \u00e0s empresas com as seguintes atividades e respectivos CNAE\u2019s a seguir identificados, ser\u00e1 exigida dilig\u00eancia fiscal com objetivo de verificar a consist\u00eancia das informa\u00e7\u00f5es prestadas pelos respectivos contribuintes.<\/p>\n","protected":false},"author":5,"featured_media":0,"comment_status":"closed","ping_status":"closed","sticky":false,"template":"","format":"standard","meta":{"_acf_changed":false,"footnotes":""},"categories":[3,33],"tags":[35],"class_list":["post-14090","post","type-post","status-publish","format-standard","hentry","category-legislacao","category-portarias","tag-icms"],"acf":[],"_links":{"self":[{"href":"https:\/\/sefaz.ac.gov.br\/2021\/index.php?rest_route=\/wp\/v2\/posts\/14090","targetHints":{"allow":["GET"]}}],"collection":[{"href":"https:\/\/sefaz.ac.gov.br\/2021\/index.php?rest_route=\/wp\/v2\/posts"}],"about":[{"href":"https:\/\/sefaz.ac.gov.br\/2021\/index.php?rest_route=\/wp\/v2\/types\/post"}],"author":[{"embeddable":true,"href":"https:\/\/sefaz.ac.gov.br\/2021\/index.php?rest_route=\/wp\/v2\/users\/5"}],"replies":[{"embeddable":true,"href":"https:\/\/sefaz.ac.gov.br\/2021\/index.php?rest_route=%2Fwp%2Fv2%2Fcomments&post=14090"}],"version-history":[{"count":0,"href":"https:\/\/sefaz.ac.gov.br\/2021\/index.php?rest_route=\/wp\/v2\/posts\/14090\/revisions"}],"wp:attachment":[{"href":"https:\/\/sefaz.ac.gov.br\/2021\/index.php?rest_route=%2Fwp%2Fv2%2Fmedia&parent=14090"}],"wp:term":[{"taxonomy":"category","embeddable":true,"href":"https:\/\/sefaz.ac.gov.br\/2021\/index.php?rest_route=%2Fwp%2Fv2%2Fcategories&post=14090"},{"taxonomy":"post_tag","embeddable":true,"href":"https:\/\/sefaz.ac.gov.br\/2021\/index.php?rest_route=%2Fwp%2Fv2%2Ftags&post=14090"}],"curies":[{"name":"wp","href":"https:\/\/api.w.org\/{rel}","templated":true}]}}