{"id":14083,"date":"2019-11-11T14:40:57","date_gmt":"2019-11-11T17:40:57","guid":{"rendered":"http:\/\/sefaz.acre.gov.br:80\/2021\/?p=14083"},"modified":"2023-04-28T12:46:07","modified_gmt":"2023-04-28T15:46:07","slug":"portaria-no-713-de-11-de-novembro-de-2019","status":"publish","type":"post","link":"https:\/\/sefaz.ac.gov.br\/2021\/?p=14083","title":{"rendered":"PORTARIA N\u00ba 713, DE 11 DE NOVEMBRO DE 2019"},"content":{"rendered":"\n<p class=\"wp-block-paragraph\"><strong>A SECRET\u00c1RIA DE ESTADO DA FAZENDA<\/strong>, em exerc\u00edcio, no uso das atribui\u00e7\u00f5es constitucionais e legais que lhe confere o Decreto n\u00ba 4.628, publicado no Di\u00e1rio Oficial n\u00ba 12.677, de 11 de novembro de 2019;<br>Considerando o art. 65, II, do Decreto n\u00ba 183, de 6 de outubro de 1975, que aprovou o Regimento Interno da Secretaria de Estado da Fazenda;<\/p>\n\n\n\n<p class=\"wp-block-paragraph\"><strong>R E S O L V E<\/strong>:<\/p>\n\n\n\n<p class=\"wp-block-paragraph\">Art. 1\u00ba Estabelecer os valores referenciais, por hectare, de im\u00f3veis rurais situados no Estado do Acre para fins de avalia\u00e7\u00e3o do Imposto sobre a Transmiss\u00e3o Causa Mortis e Doa\u00e7\u00e3o, de Quaisquer Bens ou Direitos &#8211; ITCMD.<\/p>\n\n\n\n<p class=\"wp-block-paragraph\">Par\u00e1grafo \u00fanico. Para efeitos desta Portaria, considera-se im\u00f3vel rural a \u00e1rea cont\u00ednua, formada de uma ou mais parcelas de terras confrontantes, do mesmo titular, localizada na zona rural do munic\u00edpio, ainda que, em rela\u00e7\u00e3o a alguma parte da \u00e1rea, o sujeito passivo detenha apenas a posse.<\/p>\n\n\n\n<p class=\"wp-block-paragraph\">Art. 2\u00ba Os im\u00f3veis rurais no Estado do Acre ser\u00e3o classificados em \u00e1reas mistas ou \u00e1reas de seringais, conforme Anexos I e II.<\/p>\n\n\n\n<p class=\"wp-block-paragraph\">\u00a7 1\u00ba Consideram-se seringais as \u00e1reas de uso exclusivo da atividade extrativista de produtos florestais n\u00e3o madeireiros, com cria\u00e7\u00e3o e cultura de subsist\u00eancia.<\/p>\n\n\n\n<p class=\"wp-block-paragraph\">\u00a7 2\u00ba As \u00e1reas mistas caracterizam-se pelo uso do solo para desenvolvimento das atividades agropecu\u00e1rias ou lazer.<\/p>\n\n\n\n<p class=\"wp-block-paragraph\">Art. 3\u00ba Na avalia\u00e7\u00e3o das \u00e1reas rurais mistas, aplicar-se-\u00e1 os valores de refer\u00eancia compreendidos entre o m\u00ednimo e o m\u00e1ximo estabelecidos no Anexo I.<\/p>\n\n\n\n<p class=\"wp-block-paragraph\">Art. 4\u00ba Na avalia\u00e7\u00e3o das \u00e1reas rurais comprovadamente caracterizadas como seringais, aplicar-se-\u00e1 os valores de refer\u00eancia compreendidos entre o m\u00ednimo e o m\u00e1ximo estabelecidos no Anexo II.<\/p>\n\n\n\n<p class=\"wp-block-paragraph\">Art. 5\u00ba Os valores de refer\u00eancia m\u00ednimo e m\u00e1ximo podem, excepcionalmente, ser modificados por laudo t\u00e9cnico fundamentado mediante an\u00e1lise do fato impon\u00edvel, considerando, especialmente, o valor de mercado.<\/p>\n\n\n\n<p class=\"wp-block-paragraph\">Par\u00e1grafo \u00fanico. Entende-se por valor de mercado o valor prov\u00e1vel pelo qual se negociaria, voluntariamente e conscientemente, o im\u00f3vel rural, na data da avalia\u00e7\u00e3o, dentro das condi\u00e7\u00f5es do mercado imobili\u00e1rio da localiza\u00e7\u00e3o do bem.<\/p>\n\n\n\n<p class=\"wp-block-paragraph\">Art. 6\u00ba A avalia\u00e7\u00e3o administrativa ser\u00e1 feita por servidor ou comiss\u00e3o de avalia\u00e7\u00e3o nomeada para este fim.<\/p>\n\n\n\n<p class=\"wp-block-paragraph\">Art. 7\u00ba Esta Portaria entra em vigor na data de sua publica\u00e7\u00e3o.<\/p>\n\n\n\n<p class=\"wp-block-paragraph\">Rio Branco, 11 de novembro de 2019.<\/p>\n","protected":false},"excerpt":{"rendered":"<p>Estabelece os valores referenciais, por hectare, de im\u00f3veis rurais situados no Estado do Acre para fins de avalia\u00e7\u00e3o do Imposto sobre a Transmiss\u00e3o Causa Mortis e Doa\u00e7\u00e3o, de Quaisquer Bens ou Direitos &#8211; ITCMD. <\/p>\n","protected":false},"author":5,"featured_media":0,"comment_status":"closed","ping_status":"closed","sticky":false,"template":"","format":"standard","meta":{"_acf_changed":false,"footnotes":""},"categories":[3,33],"tags":[36],"class_list":["post-14083","post","type-post","status-publish","format-standard","hentry","category-legislacao","category-portarias","tag-itcmd"],"acf":[],"_links":{"self":[{"href":"https:\/\/sefaz.ac.gov.br\/2021\/index.php?rest_route=\/wp\/v2\/posts\/14083","targetHints":{"allow":["GET"]}}],"collection":[{"href":"https:\/\/sefaz.ac.gov.br\/2021\/index.php?rest_route=\/wp\/v2\/posts"}],"about":[{"href":"https:\/\/sefaz.ac.gov.br\/2021\/index.php?rest_route=\/wp\/v2\/types\/post"}],"author":[{"embeddable":true,"href":"https:\/\/sefaz.ac.gov.br\/2021\/index.php?rest_route=\/wp\/v2\/users\/5"}],"replies":[{"embeddable":true,"href":"https:\/\/sefaz.ac.gov.br\/2021\/index.php?rest_route=%2Fwp%2Fv2%2Fcomments&post=14083"}],"version-history":[{"count":0,"href":"https:\/\/sefaz.ac.gov.br\/2021\/index.php?rest_route=\/wp\/v2\/posts\/14083\/revisions"}],"wp:attachment":[{"href":"https:\/\/sefaz.ac.gov.br\/2021\/index.php?rest_route=%2Fwp%2Fv2%2Fmedia&parent=14083"}],"wp:term":[{"taxonomy":"category","embeddable":true,"href":"https:\/\/sefaz.ac.gov.br\/2021\/index.php?rest_route=%2Fwp%2Fv2%2Fcategories&post=14083"},{"taxonomy":"post_tag","embeddable":true,"href":"https:\/\/sefaz.ac.gov.br\/2021\/index.php?rest_route=%2Fwp%2Fv2%2Ftags&post=14083"}],"curies":[{"name":"wp","href":"https:\/\/api.w.org\/{rel}","templated":true}]}}