{"id":13777,"date":"2020-07-28T15:26:57","date_gmt":"2020-07-28T18:26:57","guid":{"rendered":"http:\/\/sefaz.acre.gov.br:80\/2021\/?p=13777"},"modified":"2023-05-17T08:50:17","modified_gmt":"2023-05-17T11:50:17","slug":"portaria-no-194-de-28-de-julho-de-2020","status":"publish","type":"post","link":"https:\/\/sefaz.ac.gov.br\/2021\/?p=13777","title":{"rendered":"PORTARIA N\u00ba 194, DE 28 DE JULHO DE 2020"},"content":{"rendered":"\n<p class=\"wp-block-paragraph\">O SECRET\u00c1RIO DE ESTADO DA FAZENDA, no uso de suas atribui\u00e7\u00f5es constitucionais e legais, que lhe confere o Decreto n\u00ba 6.287, de 06 de julho de 2020, publicado no Di\u00e1rio Oficial n\u00ba 12.833, de 07 de julho de 2020; e<\/p>\n\n\n\n<p class=\"wp-block-paragraph\">Considerando o DECRETO N\u00ba 8.478, DE 16 DE FEVEREIRO DE 2018 que disp\u00f5e sobre o uso do Sistema Eletr\u00f4nico de Informa\u00e7\u00f5es &#8211; SEI para realiza\u00e7\u00e3o do processo administrativo no \u00e2mbito dos \u00f3rg\u00e3os e das entidades da administra\u00e7\u00e3o p\u00fablica estadual direta, aut\u00e1rquica e fundacional e d\u00e1 outras provid\u00eancias e pela INSTRU\u00c7\u00c3O NORMATIVA CONJUNTA SGA\/CGE N\u00ba 001 DE 22 DE FEVEREIRO DE 2018 que regulamentou o Decreto supra;<\/p>\n\n\n\n<p class=\"wp-block-paragraph\">Considerando o contido no Of\u00edcio-Circular n\u00ba 9\/2020\/SEICT (evento SEI n\u00ba<br>0534765);<\/p>\n\n\n\n<p class=\"wp-block-paragraph\">Considerando Despacho n\u00ba 516\/2020\/SEFAZ &#8211; DIAF, exarada pela Diretoria de Administra\u00e7\u00e3o e Finan\u00e7as;<\/p>\n\n\n\n<p class=\"wp-block-paragraph\">R E S O L V E:<\/p>\n\n\n\n<p class=\"wp-block-paragraph\">Art. 1\u00ba Constituir o Comit\u00ea Local do Sistema Eletr\u00f4nico de Informa\u00e7\u00f5es &#8211; SEI, com objetivo da utiliza\u00e7\u00e3o de meios eletr\u00f4nicos para a realiza\u00e7\u00e3o dos processos administrativos com seguran\u00e7a, transpar\u00eancia, economicidade, e facilidade de acesso do cidad\u00e3o \u00e0s inst\u00e2ncias administrativas no \u00e2mbito desta Secretaria, composta pelos seguintes servidores:<\/p>\n\n\n\n<p class=\"wp-block-paragraph\">I &#8211; Cl\u00e1udia D\u00b4\u00c1vila Modesto (DIAF) &#8211; Respons\u00e1vel pela implanta\u00e7\u00e3o, Matr\u00edcula n\u00ba 9114700-12;<\/p>\n\n\n\n<p class=\"wp-block-paragraph\">II &#8211; Jos\u00e9 Eloy da Costa J\u00fanior (DTI) &#8211; Membro, Matr\u00edcula n\u00ba 211508-3; e<\/p>\n\n\n\n<p class=\"wp-block-paragraph\">III &#8211; Jos\u00e9 Ivan de Oliveira Arruda (CIGEST) &#8211; Membro, Matr\u00edcula n\u00ba 9179267-2.<\/p>\n\n\n\n<p class=\"wp-block-paragraph\">Art. 2\u00ba Esta portaria entrar\u00e1 em vigor na data da sua publica\u00e7\u00e3o.<\/p>\n\n\n\n<p class=\"wp-block-paragraph\">Publique-se. Registre-se. Cumpra-se.<\/p>\n\n\n\n<p class=\"wp-block-paragraph\">Rio Branco-Acre, 28 de julho de 2020.<\/p>\n","protected":false},"excerpt":{"rendered":"<p>Constitui o Comit\u00ea Local do Sistema Eletr\u00f4nico de Informa\u00e7\u00f5es &#8211; SEI, com objetivo da utiliza\u00e7\u00e3o de meios eletr\u00f4nicos para a realiza\u00e7\u00e3o dos processos administrativos com seguran\u00e7a, transpar\u00eancia, economicidade, e facilidade de acesso do cidad\u00e3o \u00e0s inst\u00e2ncias administrativas no \u00e2mbito desta Secretaria.<\/p>\n","protected":false},"author":5,"featured_media":0,"comment_status":"closed","ping_status":"closed","sticky":false,"template":"","format":"standard","meta":{"_acf_changed":false,"footnotes":""},"categories":[3,33],"tags":[73],"class_list":["post-13777","post","type-post","status-publish","format-standard","hentry","category-legislacao","category-portarias","tag-legislacao-institucional-e-funcional"],"acf":[],"_links":{"self":[{"href":"https:\/\/sefaz.ac.gov.br\/2021\/index.php?rest_route=\/wp\/v2\/posts\/13777","targetHints":{"allow":["GET"]}}],"collection":[{"href":"https:\/\/sefaz.ac.gov.br\/2021\/index.php?rest_route=\/wp\/v2\/posts"}],"about":[{"href":"https:\/\/sefaz.ac.gov.br\/2021\/index.php?rest_route=\/wp\/v2\/types\/post"}],"author":[{"embeddable":true,"href":"https:\/\/sefaz.ac.gov.br\/2021\/index.php?rest_route=\/wp\/v2\/users\/5"}],"replies":[{"embeddable":true,"href":"https:\/\/sefaz.ac.gov.br\/2021\/index.php?rest_route=%2Fwp%2Fv2%2Fcomments&post=13777"}],"version-history":[{"count":0,"href":"https:\/\/sefaz.ac.gov.br\/2021\/index.php?rest_route=\/wp\/v2\/posts\/13777\/revisions"}],"wp:attachment":[{"href":"https:\/\/sefaz.ac.gov.br\/2021\/index.php?rest_route=%2Fwp%2Fv2%2Fmedia&parent=13777"}],"wp:term":[{"taxonomy":"category","embeddable":true,"href":"https:\/\/sefaz.ac.gov.br\/2021\/index.php?rest_route=%2Fwp%2Fv2%2Fcategories&post=13777"},{"taxonomy":"post_tag","embeddable":true,"href":"https:\/\/sefaz.ac.gov.br\/2021\/index.php?rest_route=%2Fwp%2Fv2%2Ftags&post=13777"}],"curies":[{"name":"wp","href":"https:\/\/api.w.org\/{rel}","templated":true}]}}