{"id":13768,"date":"2020-04-02T15:18:02","date_gmt":"2020-04-02T18:18:02","guid":{"rendered":"http:\/\/sefaz.acre.gov.br:80\/2021\/?p=13768"},"modified":"2023-05-02T12:07:16","modified_gmt":"2023-05-02T15:07:16","slug":"portaria-no-097-de-02-de-abril-de-2020","status":"publish","type":"post","link":"https:\/\/sefaz.ac.gov.br\/2021\/?p=13768","title":{"rendered":"PORTARIA N\u00ba 097, DE 02 DE ABRIL DE 2020"},"content":{"rendered":"\n<p class=\"wp-block-paragraph\"><strong>A SECRET\u00c1RIA DE ESTADO DA FAZENDA,<\/strong> no uso de suas atribui\u00e7\u00f5es constitucionais e legais, que lhe confere o Decreto n\u00ba 5.633, de 30 de mar\u00e7o de 2020, publicado no Di\u00e1rio Oficial n\u00ba 12.770, de 31 de mar\u00e7o de 2020;<\/p>\n\n\n\n<p class=\"wp-block-paragraph\">CONSIDERANDO as disposi\u00e7\u00f5es estabelecidas pelo Decreto Estadual n\u00ba 4.730, de 2 de dezembro de 2019, publicado no Di\u00e1rio Oficial do Estado n\u00ba 12.693, de 04 de dezembro de 2019, que disp\u00f5e sobre a institui\u00e7\u00e3o do ponto web no \u00e2mbito da Administra\u00e7\u00e3o P\u00fablica Estadual direta, aut\u00e1rquica e fundacional, notadamente o inteiro teor do artigo 5\u00ba, \u00a7 1\u00ba;<\/p>\n\n\n\n<p class=\"wp-block-paragraph\">CONSIDERANDO as disposi\u00e7\u00f5es constitucionais estabelecidas no artigo 37, incisos XVIII e XXII, da Constitui\u00e7\u00e3o Federal em vigor;<\/p>\n\n\n\n<p class=\"wp-block-paragraph\">CONSIDERANDO as disposi\u00e7\u00f5es legais preconizadas pelos artigos 7\u00ba, 8\u00ba e 9\u00ba, da Lei Estadual n\u00ba 1.702, de 26 de janeiro de 2006, que disp\u00f5e sobre a reestrutura\u00e7\u00e3o do grupo de tributa\u00e7\u00e3o e Fisco da Secretaria de Estado da Fazenda e Gest\u00e3o P\u00fablica &#8211; SEFAZ;<\/p>\n\n\n\n<p class=\"wp-block-paragraph\">CONSIDERANDO as disposi\u00e7\u00f5es legais contidas no artigo 6\u00ba, inciso I, e \u00a7 1\u00ba, da Lei Estadual n\u00ba 2.265, de 31 de mar\u00e7o de 2010, que estabelece nova estrutura de carreira para os servidores p\u00fablicos estaduais da Secretaria de Estado da Fazenda \u2013 SEFAZ;<\/p>\n\n\n\n<p class=\"wp-block-paragraph\">CONSIDERANDO, ainda, a Comunica\u00e7\u00e3o Interna n\u00ba 124, de 27 de fevereiro de 2020, exarada pela Secretaria Adjunta da Receita Estadual;<\/p>\n\n\n\n<p class=\"wp-block-paragraph\"><strong>RESOLVE:<\/strong><strong><\/strong><\/p>\n\n\n\n<p class=\"wp-block-paragraph\">Art. 1\u00ba &nbsp;Ficam dispensados do Registro no Sistema Ponto Web e estabelecido o controle especial de pontos, no \u00e2mbito da Secretaria de Estado da Fazenda, os servidores regidos pela Lei Estadual n\u00ba 1.702, de 26 de janeiro de 2006, e pelo artigo 6\u00ba, inciso I, e \u00a7 1\u00ba, da Lei Estadual n\u00ba 2.265, de 31 de mar\u00e7o de 2010, sem preju\u00edzo das disposi\u00e7\u00f5es estabelecidas na Portaria n\u00ba 64, de 28 de fevereiro de 2020, publicada no Di\u00e1rio Oficial do Estado n\u00ba 12.752, de 5 de mar\u00e7o de 2020.<\/p>\n\n\n\n<p class=\"wp-block-paragraph\">Art. 2\u00ba &nbsp;Esta Portaria entra em vigor na data de sua publica\u00e7\u00e3o, produzindo efeitos a partir de 2 de mar\u00e7o de 2020.<\/p>\n\n\n\n<p class=\"wp-block-paragraph\">Publique-se, Registre-se e Cumpra-se.<\/p>\n\n\n\n<p class=\"wp-block-paragraph\">Rio Branco-Acre, 02 de abril de 2020.<\/p>\n","protected":false},"excerpt":{"rendered":"<p>Ficam dispensados do Registro no Sistema Ponto Web e estabelecido o controle especial de pontos, no \u00e2mbito da Secretaria de Estado da Fazenda, os servidores regidos pela Lei Estadual n\u00ba 1.702, de 26 de janeiro de 2006, e pelo artigo 6\u00ba, inciso I, e \u00a7 1\u00ba, da Lei Estadual n\u00ba 2.265, de 31 de mar\u00e7o de 2010.<\/p>\n","protected":false},"author":5,"featured_media":0,"comment_status":"closed","ping_status":"closed","sticky":false,"template":"","format":"standard","meta":{"_acf_changed":false,"footnotes":""},"categories":[3,33],"tags":[73],"class_list":["post-13768","post","type-post","status-publish","format-standard","hentry","category-legislacao","category-portarias","tag-legislacao-institucional-e-funcional"],"acf":[],"_links":{"self":[{"href":"https:\/\/sefaz.ac.gov.br\/2021\/index.php?rest_route=\/wp\/v2\/posts\/13768","targetHints":{"allow":["GET"]}}],"collection":[{"href":"https:\/\/sefaz.ac.gov.br\/2021\/index.php?rest_route=\/wp\/v2\/posts"}],"about":[{"href":"https:\/\/sefaz.ac.gov.br\/2021\/index.php?rest_route=\/wp\/v2\/types\/post"}],"author":[{"embeddable":true,"href":"https:\/\/sefaz.ac.gov.br\/2021\/index.php?rest_route=\/wp\/v2\/users\/5"}],"replies":[{"embeddable":true,"href":"https:\/\/sefaz.ac.gov.br\/2021\/index.php?rest_route=%2Fwp%2Fv2%2Fcomments&post=13768"}],"version-history":[{"count":0,"href":"https:\/\/sefaz.ac.gov.br\/2021\/index.php?rest_route=\/wp\/v2\/posts\/13768\/revisions"}],"wp:attachment":[{"href":"https:\/\/sefaz.ac.gov.br\/2021\/index.php?rest_route=%2Fwp%2Fv2%2Fmedia&parent=13768"}],"wp:term":[{"taxonomy":"category","embeddable":true,"href":"https:\/\/sefaz.ac.gov.br\/2021\/index.php?rest_route=%2Fwp%2Fv2%2Fcategories&post=13768"},{"taxonomy":"post_tag","embeddable":true,"href":"https:\/\/sefaz.ac.gov.br\/2021\/index.php?rest_route=%2Fwp%2Fv2%2Ftags&post=13768"}],"curies":[{"name":"wp","href":"https:\/\/api.w.org\/{rel}","templated":true}]}}