{"id":13762,"date":"2020-03-27T15:14:41","date_gmt":"2020-03-27T18:14:41","guid":{"rendered":"http:\/\/sefaz.acre.gov.br:80\/2021\/?p=13762"},"modified":"2023-05-02T12:01:42","modified_gmt":"2023-05-02T15:01:42","slug":"portaria-no-093-de-27-de-marco-de-2020","status":"publish","type":"post","link":"https:\/\/sefaz.ac.gov.br\/2021\/?p=13762","title":{"rendered":"PORTARIA N\u00ba 093, DE 27 DE MAR\u00c7O DE 2020"},"content":{"rendered":"\n<p class=\"wp-block-paragraph\"><strong>A SECRET\u00c1RIA DE ESTADO DA FAZENDA<\/strong>, no uso de suas atribui\u00e7\u00f5es constitucionais e legais que lhe confere o Decreto n\u00ba 004, publicado no Di\u00e1rio Oficial n\u00ba 12.462-A, de 02 de janeiro de 2019;<\/p>\n\n\n\n<p class=\"wp-block-paragraph\">CONSIDERANDO a Comunica\u00e7\u00e3o Interna n\u00ba 32 (SEI n\u00ba 0368834), de 11 de mar\u00e7o de 2020, exarada pelo Chefe da Divis\u00e3o de Fiscaliza\u00e7\u00e3o da Secretaria de Estado da Fazenda;<\/p>\n\n\n\n<p class=\"wp-block-paragraph\">CONSIDERANDO, a Comunica\u00e7\u00e3o Interna n\u00ba 90 (SEI n\u00ba 0368835), de 25 de mar\u00e7o de 2020, origin\u00e1ria da Secretaria Adjunta da Receita Estadual;<\/p>\n\n\n\n<p class=\"wp-block-paragraph\"><strong>R E S O L V E:<\/strong><\/p>\n\n\n\n<p class=\"wp-block-paragraph\">Art. 1\u00ba Instituir, no \u00e2mbito da Secretaria de Estado da Fazenda, a \u201cFor\u00e7a-Tarefa destinada \u00e0 Cria\u00e7\u00e3o das Malhas Fiscais\u201d, bem como das respectivas ferramentas que possam auxiliar os Auditores da Receita Estadual nos processos de fiscaliza\u00e7\u00e3o, verifica\u00e7\u00e3o, auditoria e monitoramento, inerentes aos n\u00facleos ligados \u00e0 Divis\u00e3o de Fiscaliza\u00e7\u00e3o e \u00e0 Divis\u00e3o de Informa\u00e7\u00f5es Tributarias.<\/p>\n\n\n\n<p class=\"wp-block-paragraph\">Art. 2\u00ba Ficam designados para integrar a equipe da For\u00e7a-Tarefa institu\u00edda no art. 1\u00ba desta Portaria, os Auditores da Receita Estadual, IVO DE OLIVEIRA, matr\u00edcula n\u00ba 9210288-1, JOSIAS FRANCALINO DA ROCHA, matr\u00edcula n\u00ba 9124799-2, e PEDRO ANTONIO SOARES J\u00daNIOR, matr\u00edcula n\u00ba 9315314-1.<\/p>\n\n\n\n<p class=\"wp-block-paragraph\">Art. 3\u00ba Designa-se a sala de reuni\u00f5es dispon\u00edvel nesta Secretaria para o desenvolvimento das atividades da equipe ora institu\u00edda, que dever\u00e1 ser aprovisionada pelo Departamento de Tecnologia da Informa\u00e7\u00e3o com todos os equipamentos necess\u00e1rios \u00e0 consecu\u00e7\u00e3o dos trabalhos aos quais se destina.<\/p>\n\n\n\n<p class=\"wp-block-paragraph\">Art. 4\u00ba Esta Portaria entra em vigor na data de sua publica\u00e7\u00e3o.<\/p>\n\n\n\n<p class=\"wp-block-paragraph\">Publique-se, Registre-se e Cumpra-se.<\/p>\n\n\n\n<p class=\"wp-block-paragraph\">Rio Branco-Acre, 27 de mar\u00e7o de 2020.<\/p>\n","protected":false},"excerpt":{"rendered":"<p>Institui, no \u00e2mbito da Secretaria de Estado da Fazenda, a \u201cFor\u00e7a-Tarefa destinada \u00e0 Cria\u00e7\u00e3o das Malhas Fiscais\u201d, bem como das respectivas ferramentas que possam auxiliar os Auditores da Receita Estadual nos processos de fiscaliza\u00e7\u00e3o, verifica\u00e7\u00e3o, auditoria e monitoramento, inerentes aos n\u00facleos ligados \u00e0 Divis\u00e3o de Fiscaliza\u00e7\u00e3o e \u00e0 Divis\u00e3o de Informa\u00e7\u00f5es Tributarias.<\/p>\n","protected":false},"author":5,"featured_media":0,"comment_status":"closed","ping_status":"closed","sticky":false,"template":"","format":"standard","meta":{"_acf_changed":false,"footnotes":""},"categories":[3,33],"tags":[35],"class_list":["post-13762","post","type-post","status-publish","format-standard","hentry","category-legislacao","category-portarias","tag-icms"],"acf":[],"_links":{"self":[{"href":"https:\/\/sefaz.ac.gov.br\/2021\/index.php?rest_route=\/wp\/v2\/posts\/13762","targetHints":{"allow":["GET"]}}],"collection":[{"href":"https:\/\/sefaz.ac.gov.br\/2021\/index.php?rest_route=\/wp\/v2\/posts"}],"about":[{"href":"https:\/\/sefaz.ac.gov.br\/2021\/index.php?rest_route=\/wp\/v2\/types\/post"}],"author":[{"embeddable":true,"href":"https:\/\/sefaz.ac.gov.br\/2021\/index.php?rest_route=\/wp\/v2\/users\/5"}],"replies":[{"embeddable":true,"href":"https:\/\/sefaz.ac.gov.br\/2021\/index.php?rest_route=%2Fwp%2Fv2%2Fcomments&post=13762"}],"version-history":[{"count":0,"href":"https:\/\/sefaz.ac.gov.br\/2021\/index.php?rest_route=\/wp\/v2\/posts\/13762\/revisions"}],"wp:attachment":[{"href":"https:\/\/sefaz.ac.gov.br\/2021\/index.php?rest_route=%2Fwp%2Fv2%2Fmedia&parent=13762"}],"wp:term":[{"taxonomy":"category","embeddable":true,"href":"https:\/\/sefaz.ac.gov.br\/2021\/index.php?rest_route=%2Fwp%2Fv2%2Fcategories&post=13762"},{"taxonomy":"post_tag","embeddable":true,"href":"https:\/\/sefaz.ac.gov.br\/2021\/index.php?rest_route=%2Fwp%2Fv2%2Ftags&post=13762"}],"curies":[{"name":"wp","href":"https:\/\/api.w.org\/{rel}","templated":true}]}}