{"id":13756,"date":"2020-02-13T15:09:17","date_gmt":"2020-02-13T18:09:17","guid":{"rendered":"http:\/\/sefaz.acre.gov.br:80\/2021\/?p=13756"},"modified":"2023-05-02T11:50:40","modified_gmt":"2023-05-02T14:50:40","slug":"portaria-no-045-de-13-de-fevereiro-de-2020","status":"publish","type":"post","link":"https:\/\/sefaz.ac.gov.br\/2021\/?p=13756","title":{"rendered":"PORTARIA N\u00ba 045, DE 13 DE FEVEREIRO DE 2020"},"content":{"rendered":"\n<p class=\"wp-block-paragraph\"><strong>A SECRET\u00c1RIA DE ESTADO DA FAZENDA,<\/strong> no uso de suas atribui\u00e7\u00f5es constitucionais e legais que lhe confere o Decreto n\u00ba 004, publicado no Di\u00e1rio Oficial n\u00ba 12.462-A, de 02 de janeiro de 2019;<\/p>\n\n\n\n<p class=\"wp-block-paragraph\">Considerando a Comunica\u00e7\u00e3o Interna n\u00ba 093\/2020, de 12 de fevereiro de 2020, exarada pela Secret\u00e1ria Adjunta da Receita Estadual; e<\/p>\n\n\n\n<p class=\"wp-block-paragraph\">Considerando o Ajuste SINIEF n.\u00ba 2, de 3 de abril de 2009 e o Ato Cote\u00adpe n\u00ba 09, de 18 de abril de 2008;<\/p>\n\n\n\n<p class=\"wp-block-paragraph\"><strong>RESOLVE:<\/strong><\/p>\n\n\n\n<p class=\"wp-block-paragraph\">Art. 1\u00ba.&nbsp; O Anexo I, da Portaria n\u00ba 565, de 29 de novembro de 2016, pas\u00adsa a vigorar com os seguintes acr\u00e9scimos:<\/p>\n\n\n\n<p class=\"has-text-align-center wp-block-paragraph\"><strong>ANEXO I<\/strong><\/p>\n\n\n\n<figure class=\"wp-block-table\"><table><tbody><tr><td class=\"has-text-align-center\" data-align=\"center\" colspan=\"4\"><strong>TABELA 5.1.1<\/strong> <strong>TABELA DE AJUSTES DOS SALDOS DA APURA\u00c7\u00c3O DO ICMS<\/strong> <strong><\/strong><\/td><\/tr><tr><td class=\"has-text-align-center\" data-align=\"center\">C\u00d3DIGO DO AJUSTE<\/td><td class=\"has-text-align-center\" data-align=\"center\">DESCRI\u00c7\u00c3O DO AJUSTE<\/td><td class=\"has-text-align-center\" data-align=\"center\">DATA DE IN\u00cdCIO<\/td><td class=\"has-text-align-center\" data-align=\"center\">DATA DE FIM<\/td><\/tr><tr><td class=\"has-text-align-center\" data-align=\"center\">&#8230;<\/td><td class=\"has-text-align-center\" data-align=\"center\">&#8230;<\/td><td class=\"has-text-align-center\" data-align=\"center\">&#8230;<\/td><td class=\"has-text-align-center\" data-align=\"center\">&nbsp;<\/td><\/tr><tr><td class=\"has-text-align-center\" data-align=\"center\">AC020013<\/td><td class=\"has-text-align-center\" data-align=\"center\">Apura\u00e7\u00e3o do ICMS; Outros cr\u00e9\u00additos; Restitui\u00e7\u00e3o de ST por cre\u00additamento extempor\u00e2neo.<\/td><td class=\"has-text-align-center\" data-align=\"center\">01\/12\/2019<\/td><td class=\"has-text-align-center\" data-align=\"center\">&nbsp;<\/td><\/tr><tr><td class=\"has-text-align-center\" data-align=\"center\">AC020014<\/td><td class=\"has-text-align-center\" data-align=\"center\">Apura\u00e7\u00e3o do ICMS; Outros cr\u00e9ditos; Ressarcimento de ST &#8211; creditamento extempor\u00e2neo.<\/td><td class=\"has-text-align-center\" data-align=\"center\">01\/12\/2019<\/td><td class=\"has-text-align-center\" data-align=\"center\">&nbsp;<\/td><\/tr><tr><td class=\"has-text-align-center\" data-align=\"center\">AC020015<\/td><td class=\"has-text-align-center\" data-align=\"center\">Apura\u00e7\u00e3o do ICMS; Outros cr\u00e9di\u00adtos; Ressarcimento de ST decor\u00adrente de exporta\u00e7\u00e3o para o exterior<\/td><td class=\"has-text-align-center\" data-align=\"center\">01\/12\/2019<\/td><td class=\"has-text-align-center\" data-align=\"center\">&nbsp;<\/td><\/tr><tr><td class=\"has-text-align-center\" data-align=\"center\">AC020016<\/td><td class=\"has-text-align-center\" data-align=\"center\">Apura\u00e7\u00e3o do ICMS; Outros cr\u00e9di\u00adtos; Ressarcimento de ST decor\u00adrente de exporta\u00e7\u00e3o para o exterior \u2013 creditamento extempor\u00e2neo.<\/td><td class=\"has-text-align-center\" data-align=\"center\">01\/12\/2019<\/td><td class=\"has-text-align-center\" data-align=\"center\">&nbsp;<\/td><\/tr><tr><td class=\"has-text-align-center\" data-align=\"center\">AC020017<\/td><td class=\"has-text-align-center\" data-align=\"center\">Apura\u00e7\u00e3o do ICMS; Outros cr\u00e9ditos; Ressarcimento\/Resti\u00adtui\u00e7\u00e3o solicitado em Processo administrativo fiscal extinto sem aprecia\u00e7\u00e3o do m\u00e9rito (Decreto n\u00ba 4.864\/2019, art.4\u00ba).<\/td><td class=\"has-text-align-center\" data-align=\"center\">01\/01\/2020<\/td><td class=\"has-text-align-center\" data-align=\"center\">&nbsp;<\/td><\/tr><tr><td class=\"has-text-align-center\" data-align=\"center\">AC020018<\/td><td class=\"has-text-align-center\" data-align=\"center\">Apura\u00e7\u00e3o do ICMS; Outros cr\u00e9\u00additos; Cr\u00e9dito presumido sobre o ICMS devido por estabeleci\u00admentos industriais dispensados de apresenta\u00e7\u00e3o de projeto (In\u00adcentivo da Lei 3.495\/2019, Re\u00adgulamento institu\u00eddo pelo De\u00adcreto n\u00ba 4.698\/2019, art.2\u00ba, I)<\/td><td class=\"has-text-align-center\" data-align=\"center\">01\/01\/2020<\/td><td class=\"has-text-align-center\" data-align=\"center\">&nbsp;<\/td><\/tr><tr><td class=\"has-text-align-center\" data-align=\"center\">AC020019<\/td><td class=\"has-text-align-center\" data-align=\"center\">Apura\u00e7\u00e3o do ICMS; Outros cr\u00e9\u00additos; Cr\u00e9dito presumido sobre o ICMS debitado no per\u00edodo, no caso de projeto em implanta\u00e7\u00e3o (Incentivo da Lei 3.495\/2019, Re\u00adgulamento institu\u00eddo pelo Decre\u00adto n\u00ba 4.698\/2019, art.2\u00ba, II)<\/td><td class=\"has-text-align-center\" data-align=\"center\">01\/01\/2020<\/td><td class=\"has-text-align-center\" data-align=\"center\">&nbsp;<\/td><\/tr><tr><td class=\"has-text-align-center\" data-align=\"center\">AC020020<\/td><td class=\"has-text-align-center\" data-align=\"center\">Apura\u00e7\u00e3o do ICMS; Outros cr\u00e9di\u00adtos; Cr\u00e9dito presumido da parce\u00adla do ICMS a recolher, incremen\u00adtada no per\u00edodo em fun\u00e7\u00e3o do projeto, no caso de amplia\u00e7\u00e3o ou moderniza\u00e7\u00e3o (Incentivo da Lei 3.495\/2019, Regulamento institu\u00ad\u00eddo pelo Decreto n\u00ba 4.698\/2019, art.2\u00ba, III)<\/td><td class=\"has-text-align-center\" data-align=\"center\">01\/01\/2020<\/td><td class=\"has-text-align-center\" data-align=\"center\">&nbsp;<\/td><\/tr><\/tbody><\/table><\/figure>\n\n\n\n<p class=\"wp-block-paragraph\">Art. 2\u00ba &nbsp;Esta Portaria entre em vigor na data de sua publica\u00e7\u00e3o.<\/p>\n\n\n\n<p class=\"wp-block-paragraph\">Rio Branco-Acre, 13 de fevereiro de 2020.<\/p>\n","protected":false},"excerpt":{"rendered":"<p>Altera a Portaria n\u00ba 565, de 29 de novembro de 2016, que disp\u00f5e sobre os c\u00f3digos de ajustes e informa\u00e7\u00f5es obrigat\u00f3rias da Escritura\u00e7\u00e3o Fiscal Digital &#8211; EFD no Estado do Acre.<\/p>\n","protected":false},"author":5,"featured_media":0,"comment_status":"closed","ping_status":"closed","sticky":false,"template":"","format":"standard","meta":{"_acf_changed":false,"footnotes":""},"categories":[3,33],"tags":[72,35],"class_list":["post-13756","post","type-post","status-publish","format-standard","hentry","category-legislacao","category-portarias","tag-efd","tag-icms"],"acf":[],"_links":{"self":[{"href":"https:\/\/sefaz.ac.gov.br\/2021\/index.php?rest_route=\/wp\/v2\/posts\/13756","targetHints":{"allow":["GET"]}}],"collection":[{"href":"https:\/\/sefaz.ac.gov.br\/2021\/index.php?rest_route=\/wp\/v2\/posts"}],"about":[{"href":"https:\/\/sefaz.ac.gov.br\/2021\/index.php?rest_route=\/wp\/v2\/types\/post"}],"author":[{"embeddable":true,"href":"https:\/\/sefaz.ac.gov.br\/2021\/index.php?rest_route=\/wp\/v2\/users\/5"}],"replies":[{"embeddable":true,"href":"https:\/\/sefaz.ac.gov.br\/2021\/index.php?rest_route=%2Fwp%2Fv2%2Fcomments&post=13756"}],"version-history":[{"count":0,"href":"https:\/\/sefaz.ac.gov.br\/2021\/index.php?rest_route=\/wp\/v2\/posts\/13756\/revisions"}],"wp:attachment":[{"href":"https:\/\/sefaz.ac.gov.br\/2021\/index.php?rest_route=%2Fwp%2Fv2%2Fmedia&parent=13756"}],"wp:term":[{"taxonomy":"category","embeddable":true,"href":"https:\/\/sefaz.ac.gov.br\/2021\/index.php?rest_route=%2Fwp%2Fv2%2Fcategories&post=13756"},{"taxonomy":"post_tag","embeddable":true,"href":"https:\/\/sefaz.ac.gov.br\/2021\/index.php?rest_route=%2Fwp%2Fv2%2Ftags&post=13756"}],"curies":[{"name":"wp","href":"https:\/\/api.w.org\/{rel}","templated":true}]}}