{"id":13744,"date":"2019-11-11T15:01:11","date_gmt":"2019-11-11T18:01:11","guid":{"rendered":"http:\/\/sefaz.acre.gov.br:80\/2021\/?p=13744"},"modified":"2023-05-02T11:43:41","modified_gmt":"2023-05-02T14:43:41","slug":"portaria-no-715-de-11-de-novembro-de-2019","status":"publish","type":"post","link":"https:\/\/sefaz.ac.gov.br\/2021\/?p=13744","title":{"rendered":"PORTARIA N\u00ba 715, DE 11 DE NOVEMBRO DE 2019"},"content":{"rendered":"\n<p class=\"wp-block-paragraph\"><strong>A SECRET\u00c1RIA DE ESTADO DA FAZENDA<\/strong>, em exerc\u00edcio, no uso das atribui\u00e7\u00f5es constitucionais e legais que lhe confere o Decreto n\u00ba 4.628, de 07 de novembro de 2019 pu\u00adblicado no Di\u00e1rio Oficial n\u00ba 12.677, de 11 de novembro de 2019;<\/p>\n\n\n\n<p class=\"wp-block-paragraph\">Considerando o art. 65, II, do Decreto n\u00ba 183, de 6 de outubro de 1975, que aprovou o Regimento Interno da Secretaria de Estado da Fazenda; e<\/p>\n\n\n\n<p class=\"wp-block-paragraph\">Considerando a Comunica\u00e7\u00e3o Interna n\u00ba 776\/2019, oriunda da Secretaria Adjunta da Receita Estadual;<\/p>\n\n\n\n<p class=\"wp-block-paragraph\"><strong>RESOLVE:<\/strong><\/p>\n\n\n\n<p class=\"wp-block-paragraph\">Art. 1\u00ba &nbsp;Determinar a abertura de Sindic\u00e2ncia para apurar os fatos narrados atrav\u00e9s do Relat\u00f3rio de Ocorr\u00eancias &#8211; Plant\u00e3o Fiscal, referente ao Plant\u00e3o Fiscal do dia 27\/08\/2019 a 28\/08\/2019 realizado no Posto Fiscal Tucandeira.<\/p>\n\n\n\n<p class=\"wp-block-paragraph\">Art. 2\u00ba &nbsp;Nomear a Comiss\u00e3o de Sindic\u00e2ncia, composta pelos Servidores:<\/p>\n\n\n\n<p class=\"wp-block-paragraph\">I &#8211; Presidente: Fernando Santos Maia &#8211; matr\u00edcula n\u00ba 9296808-1, Auditor da Receita Estadual;<\/p>\n\n\n\n<p class=\"wp-block-paragraph\">II &#8211; Secret\u00e1rio: Laurence Fl\u00e1vio Gomes Pereira, matr\u00edcula n\u00ba 9333061-1, Auditor da Receita Estadual;<\/p>\n\n\n\n<p class=\"wp-block-paragraph\">III &#8211; Membro: Albetiza Rodrigues Vieira &#8211; matr\u00edcula n\u00ba 69434-1, T\u00e9cnica da Fazenda Estadual.<\/p>\n\n\n\n<p class=\"wp-block-paragraph\">Art. 3\u00ba &nbsp;Conceder \u00e0 Comiss\u00e3o o prazo de 30 (trinta) dias, a partir da publica\u00e7\u00e3o desta Portaria, para conclus\u00e3o dos trabalhos, prorrog\u00e1veis pelo mesmo per\u00edodo, nos termos do art. 202, da Lei Complementar n\u00ba 39\/1993 e suas altera\u00e7\u00f5es.<\/p>\n\n\n\n<p class=\"wp-block-paragraph\">Art. 4\u00ba &nbsp;Esta Portaria entra em vigor na data de sua publica\u00e7\u00e3o.<\/p>\n\n\n\n<p class=\"wp-block-paragraph\">Rio Branco, 11 de novembro de 2019.<\/p>\n","protected":false},"excerpt":{"rendered":"<p>Determinar a abertura de Sindic\u00e2ncia para apurar os fatos narrados atrav\u00e9s do Relat\u00f3rio de Ocorr\u00eancias &#8211; Plant\u00e3o Fiscal, referente ao Plant\u00e3o Fiscal do dia 27\/08\/2019 a 28\/08\/2019 realizado no Posto Fiscal Tucandeira.<\/p>\n","protected":false},"author":5,"featured_media":0,"comment_status":"closed","ping_status":"closed","sticky":false,"template":"","format":"standard","meta":{"_acf_changed":false,"footnotes":""},"categories":[3,33],"tags":[73],"class_list":["post-13744","post","type-post","status-publish","format-standard","hentry","category-legislacao","category-portarias","tag-legislacao-institucional-e-funcional"],"acf":[],"_links":{"self":[{"href":"https:\/\/sefaz.ac.gov.br\/2021\/index.php?rest_route=\/wp\/v2\/posts\/13744","targetHints":{"allow":["GET"]}}],"collection":[{"href":"https:\/\/sefaz.ac.gov.br\/2021\/index.php?rest_route=\/wp\/v2\/posts"}],"about":[{"href":"https:\/\/sefaz.ac.gov.br\/2021\/index.php?rest_route=\/wp\/v2\/types\/post"}],"author":[{"embeddable":true,"href":"https:\/\/sefaz.ac.gov.br\/2021\/index.php?rest_route=\/wp\/v2\/users\/5"}],"replies":[{"embeddable":true,"href":"https:\/\/sefaz.ac.gov.br\/2021\/index.php?rest_route=%2Fwp%2Fv2%2Fcomments&post=13744"}],"version-history":[{"count":0,"href":"https:\/\/sefaz.ac.gov.br\/2021\/index.php?rest_route=\/wp\/v2\/posts\/13744\/revisions"}],"wp:attachment":[{"href":"https:\/\/sefaz.ac.gov.br\/2021\/index.php?rest_route=%2Fwp%2Fv2%2Fmedia&parent=13744"}],"wp:term":[{"taxonomy":"category","embeddable":true,"href":"https:\/\/sefaz.ac.gov.br\/2021\/index.php?rest_route=%2Fwp%2Fv2%2Fcategories&post=13744"},{"taxonomy":"post_tag","embeddable":true,"href":"https:\/\/sefaz.ac.gov.br\/2021\/index.php?rest_route=%2Fwp%2Fv2%2Ftags&post=13744"}],"curies":[{"name":"wp","href":"https:\/\/api.w.org\/{rel}","templated":true}]}}