{"id":13723,"date":"2019-06-17T14:37:04","date_gmt":"2019-06-17T17:37:04","guid":{"rendered":"http:\/\/sefaz.acre.gov.br:80\/2021\/?p=13723"},"modified":"2026-04-01T12:25:08","modified_gmt":"2026-04-01T15:25:08","slug":"portaria-no-440-de-17-de-junho-de-2019","status":"publish","type":"post","link":"https:\/\/sefaz.ac.gov.br\/2021\/?p=13723","title":{"rendered":"PORTARIA N\u00ba 440, DE 17 DE JUNHO DE 2019"},"content":{"rendered":"\r\n<p class=\"wp-block-paragraph\"><strong>A SECRET\u00c1RIA DE ESTADO DA FAZENDA,<\/strong> no uso de suas atribui\u00e7\u00f5es legais, que lhe confere o Decreto n\u00ba 004, publicado no Di\u00e1rio Oficial n\u00ba 12.462-A, de 02 de janeiro de 2019; e<\/p>\r\n\r\n\r\n\r\n<p class=\"wp-block-paragraph\">Considerando o art. 65, inciso II, do Decreto n\u00ba 183, de 6 de outubro de 1975, que aprovou o Regimento Interno da Secretaria de Estado da Fazenda;<\/p>\r\n\r\n\r\n\r\n<p class=\"wp-block-paragraph\">Considerando a reinstitui\u00e7\u00e3o do benef\u00edcio fiscal previsto na Portaria 285, de 10 de agosto de 2007, na forma do art. 2\u00ba, inciso II, al\u00ednea \u201cg\u201d, da Lei n\u00ba 3.460, de 24 de dezembro de 2018;<\/p>\r\n\r\n\r\n\r\n<p class=\"wp-block-paragraph\">Considerando a autoriza\u00e7\u00e3o contida nos \u00a7\u00a7 2\u00ba e 3\u00ba da cl\u00e1usula d\u00e9cima do Conv\u00eanio ICMS 190\/2017, de 15 de dezembro de 2017, que faculta \u00e0 unidade federada concedente de benef\u00edcio reinstitu\u00eddo na forma daquele Conv\u00eanio modificar o ato normativo e\/ou o ato concessivo concedente, a qualquer tempo, desde que n\u00e3o resulte em benef\u00edcio fiscal de valor superior ou implique na retirada ou redu\u00e7\u00e3o de condi\u00e7\u00e3o na qual se fundamente o ato concessivo;<\/p>\r\n\r\n\r\n\r\n<p class=\"wp-block-paragraph\">Considerando a necessidade de fazer modifica\u00e7\u00f5es na Portaria 285, de 10 de agosto de 2007, para a inclus\u00e3o de outras condi\u00e7\u00f5es para aproveitamento do benef\u00edcio fiscal, notadamente, no caso de m\u00e1quinas e ve\u00edculos relacionados naquela portaria, n\u00e3o sujeitos \u00e0 substitui\u00e7\u00e3o tribut\u00e1ria, circunst\u00e2ncia para a qual a norma n\u00e3o prev\u00ea, ainda, condi\u00e7\u00e3o para usufruto do benef\u00edcio;<\/p>\r\n\r\n\r\n\r\n<p class=\"wp-block-paragraph\"><strong>RESOLVE:<\/strong><\/p>\r\n\r\n\r\n\r\n<p class=\"wp-block-paragraph\">Art. 1\u00ba \u00a0O art. 1\u00ba da <a href=\"https:\/\/sefaz.ac.gov.br\/2021\/?p=12766\" target=\"_blank\" rel=\"noreferrer noopener\">Portaria n\u00ba 285, de 10 de agosto de 2007<\/a>, passa a vigorar acrescido do \u00a7 3\u00ba-A, com o seguinte teor:<\/p>\r\n\r\n\r\n\r\n<blockquote class=\"wp-block-quote is-layout-flow wp-block-quote-is-layout-flow\">\r\n<p class=\"wp-block-paragraph\">\u201cArt. 1\u00ba &#8230;<\/p>\r\n\r\n\r\n\r\n<p class=\"wp-block-paragraph\">&#8230;<\/p>\r\n\r\n\r\n\r\n<p class=\"wp-block-paragraph\">\u00a7 3\u00ba-A. \u00a0Quando o produto de que trata esta Portaria n\u00e3o se sujeitar ao regime de substitui\u00e7\u00e3o tribut\u00e1ria, os benef\u00edcios previstos neste artigo ficam condicionados a:<\/p>\r\n\r\n\r\n\r\n<p class=\"wp-block-paragraph\">I &#8211; regular inscri\u00e7\u00e3o estadual do sujeito passivo com atividade de com\u00e9rcio de ve\u00edculos ou m\u00e1quinas pesadas.<\/p>\r\n\r\n\r\n\r\n<p class=\"wp-block-paragraph\">II &#8211; escritura\u00e7\u00e3o da entrada no estabelecimento acreano do ve\u00edculo beneficiado com cr\u00e9dito do imposto n\u00e3o superior a:<\/p>\r\n\r\n\r\n\r\n<p class=\"wp-block-paragraph\">a) 7% (sete por cento), se produzido nos Estados das regi\u00f5es Sul e Sudeste, exceto o Esp\u00edrito Santo;<\/p>\r\n\r\n\r\n\r\n<p class=\"wp-block-paragraph\">b) 12% (doze por cento), se produzido nos Estados das Regi\u00f5es Norte, Nordeste, Centro-Oeste ou do Esp\u00edrito Santo.\u201d<\/p>\r\n<\/blockquote>\r\n\r\n\r\n\r\n<p class=\"wp-block-paragraph\">Art. 2\u00ba \u00a0Esta Portaria entra em vigor na data da sua publica\u00e7\u00e3o.<\/p>\r\n\r\n\r\n\r\n<p class=\"wp-block-paragraph\">Rio Branco, 14 de junho de 2019.<\/p>\r\n","protected":false},"excerpt":{"rendered":"<p>Altera a Portaria n\u00ba 285, de 10 de agosto de 2007.<\/p>\n","protected":false},"author":5,"featured_media":0,"comment_status":"closed","ping_status":"closed","sticky":false,"template":"","format":"standard","meta":{"_acf_changed":false,"footnotes":""},"categories":[3,33],"tags":[35],"class_list":["post-13723","post","type-post","status-publish","format-standard","hentry","category-legislacao","category-portarias","tag-icms"],"acf":[],"_links":{"self":[{"href":"https:\/\/sefaz.ac.gov.br\/2021\/index.php?rest_route=\/wp\/v2\/posts\/13723","targetHints":{"allow":["GET"]}}],"collection":[{"href":"https:\/\/sefaz.ac.gov.br\/2021\/index.php?rest_route=\/wp\/v2\/posts"}],"about":[{"href":"https:\/\/sefaz.ac.gov.br\/2021\/index.php?rest_route=\/wp\/v2\/types\/post"}],"author":[{"embeddable":true,"href":"https:\/\/sefaz.ac.gov.br\/2021\/index.php?rest_route=\/wp\/v2\/users\/5"}],"replies":[{"embeddable":true,"href":"https:\/\/sefaz.ac.gov.br\/2021\/index.php?rest_route=%2Fwp%2Fv2%2Fcomments&post=13723"}],"version-history":[{"count":1,"href":"https:\/\/sefaz.ac.gov.br\/2021\/index.php?rest_route=\/wp\/v2\/posts\/13723\/revisions"}],"predecessor-version":[{"id":24087,"href":"https:\/\/sefaz.ac.gov.br\/2021\/index.php?rest_route=\/wp\/v2\/posts\/13723\/revisions\/24087"}],"wp:attachment":[{"href":"https:\/\/sefaz.ac.gov.br\/2021\/index.php?rest_route=%2Fwp%2Fv2%2Fmedia&parent=13723"}],"wp:term":[{"taxonomy":"category","embeddable":true,"href":"https:\/\/sefaz.ac.gov.br\/2021\/index.php?rest_route=%2Fwp%2Fv2%2Fcategories&post=13723"},{"taxonomy":"post_tag","embeddable":true,"href":"https:\/\/sefaz.ac.gov.br\/2021\/index.php?rest_route=%2Fwp%2Fv2%2Ftags&post=13723"}],"curies":[{"name":"wp","href":"https:\/\/api.w.org\/{rel}","templated":true}]}}