{"id":13714,"date":"2019-02-21T14:28:41","date_gmt":"2019-02-21T17:28:41","guid":{"rendered":"http:\/\/sefaz.acre.gov.br:80\/2021\/?p=13714"},"modified":"2023-05-29T12:01:10","modified_gmt":"2023-05-29T15:01:10","slug":"portaria-no-136-de-21-de-fevereiro-de-2019","status":"publish","type":"post","link":"https:\/\/sefaz.ac.gov.br\/2021\/?p=13714","title":{"rendered":"PORTARIA N\u00ba 136, DE 21 DE FEVEREIRO DE 2019"},"content":{"rendered":"\n<p class=\"wp-block-paragraph\"><strong>A SECRET\u00c1RIA DE ESTADO DA FAZENDA,<\/strong> no uso de suas atribui\u00e7\u00f5es constitucionais e legais que lhe confere o Decreto n\u00ba 004, publicado no Di\u00e1rio Oficial n\u00ba 12.462-A, de 02 de janeiro de 2019.<\/p>\n\n\n\n<p class=\"wp-block-paragraph\">Considerando o Decreto Estadual n\u00ba 8.820, de 13 de abril de 2018, que institui o Comit\u00ea Interinstitucional de Recupera\u00e7\u00e3o de Ativos do Estado do Acre, com a finalidade de sugerir ou propor medidas administrativas, legais e judiciais para o aperfei\u00e7oamento das a\u00e7\u00f5es e busca de efetividade na recupera\u00e7\u00e3o de ativos de titularidade do Estado, a serem implementadas, de maneira coordenada, pelos \u00f3rg\u00e3os e institui\u00e7\u00f5es p\u00fablicas que o integram;<\/p>\n\n\n\n<p class=\"wp-block-paragraph\">Considerando que o \u00a7 1\u00ba, art. 2\u00ba do Decreto n\u00ba 8.820\/2018, estabelece a substitui\u00e7\u00e3o dos membros titulares, em suas aus\u00eancias ou impedimentos, pelos seus respectivos suplentes, por eles indicados;<\/p>\n\n\n\n<p class=\"wp-block-paragraph\">Considerando que, em raz\u00e3o da especificidade da mat\u00e9ria tratada, das delibera\u00e7\u00f5es do comit\u00ea e da necessidade de que estas tenham efetividade, ser\u00e1 constitu\u00eddo grupo operacional, coordenado pelo Secret\u00e1rio Geral, cujos representantes ser\u00e3o indicados pelos \u00f3rg\u00e3os e institui\u00e7\u00f5es as quais os membros representam, conforme disposto no art. 6\u00ba do referido Decreto,<\/p>\n\n\n\n<p class=\"wp-block-paragraph\"><strong>R E S O L V E:<\/strong><\/p>\n\n\n\n<p class=\"wp-block-paragraph\">Art. 1\u00ba Designar a Diretora da Receita Estadual, <strong>WANESSA BRAND\u00c3O SILVA,<\/strong> nos termos do \u00a7 1\u00ba, art. 2\u00ba do Decreto n\u00ba 8.820\/2018, para compor na condi\u00e7\u00e3o de SUPLENTE, o Comit\u00ea Interinstitucional de Recupera\u00e7\u00e3o de Ativos do Estado do Acre &#8211; CIRA\/AC.<\/p>\n\n\n\n<p class=\"wp-block-paragraph\">Art. 2\u00ba Designar os Auditores da Receita Estadual <strong>HILTON DE ARA\u00daJO SANTOS, NABIL IBRAHIM CHAMCHOUM, MARCO ANTONIO DOS SANTOS DE FARIA,<\/strong> para comporem o Grupo Operacional Permanente, nos termos no art. 6\u00ba do Decreto n\u00ba 8.820\/2018, representando a Secretaria de Estado da Fazenda do Acre.<\/p>\n\n\n\n<p class=\"wp-block-paragraph\">Art. 3\u00ba Esta Portaria entra em vigor na data de sua publica\u00e7\u00e3o.<\/p>\n\n\n\n<p class=\"wp-block-paragraph\">Registre-se, publique-se e cumpra-se.<\/p>\n\n\n\n<p class=\"wp-block-paragraph\">Rio Branco-Acre, 21 de fevereiro de 2019.<\/p>\n","protected":false},"excerpt":{"rendered":"<p>Nomeia representantes da SEFAZ no CIRA.<\/p>\n","protected":false},"author":5,"featured_media":0,"comment_status":"closed","ping_status":"closed","sticky":false,"template":"","format":"standard","meta":{"_acf_changed":false,"footnotes":""},"categories":[3,33],"tags":[68,35],"class_list":["post-13714","post","type-post","status-publish","format-standard","hentry","category-legislacao","category-portarias","tag-cira","tag-icms"],"acf":[],"_links":{"self":[{"href":"https:\/\/sefaz.ac.gov.br\/2021\/index.php?rest_route=\/wp\/v2\/posts\/13714","targetHints":{"allow":["GET"]}}],"collection":[{"href":"https:\/\/sefaz.ac.gov.br\/2021\/index.php?rest_route=\/wp\/v2\/posts"}],"about":[{"href":"https:\/\/sefaz.ac.gov.br\/2021\/index.php?rest_route=\/wp\/v2\/types\/post"}],"author":[{"embeddable":true,"href":"https:\/\/sefaz.ac.gov.br\/2021\/index.php?rest_route=\/wp\/v2\/users\/5"}],"replies":[{"embeddable":true,"href":"https:\/\/sefaz.ac.gov.br\/2021\/index.php?rest_route=%2Fwp%2Fv2%2Fcomments&post=13714"}],"version-history":[{"count":0,"href":"https:\/\/sefaz.ac.gov.br\/2021\/index.php?rest_route=\/wp\/v2\/posts\/13714\/revisions"}],"wp:attachment":[{"href":"https:\/\/sefaz.ac.gov.br\/2021\/index.php?rest_route=%2Fwp%2Fv2%2Fmedia&parent=13714"}],"wp:term":[{"taxonomy":"category","embeddable":true,"href":"https:\/\/sefaz.ac.gov.br\/2021\/index.php?rest_route=%2Fwp%2Fv2%2Fcategories&post=13714"},{"taxonomy":"post_tag","embeddable":true,"href":"https:\/\/sefaz.ac.gov.br\/2021\/index.php?rest_route=%2Fwp%2Fv2%2Ftags&post=13714"}],"curies":[{"name":"wp","href":"https:\/\/api.w.org\/{rel}","templated":true}]}}