{"id":13708,"date":"2018-12-17T14:04:04","date_gmt":"2018-12-17T16:04:04","guid":{"rendered":"http:\/\/sefaz.acre.gov.br:80\/2021\/?p=13708"},"modified":"2026-04-01T12:24:49","modified_gmt":"2026-04-01T15:24:49","slug":"portaria-no-484-de-17-de-dezembro-de-2018","status":"publish","type":"post","link":"https:\/\/sefaz.ac.gov.br\/2021\/?p=13708","title":{"rendered":"PORTARIA N\u00ba 484, DE 17 DE DEZEMBRO DE 2018"},"content":{"rendered":"\r\n<p class=\"wp-block-paragraph\"><strong>A SECRET\u00c1RIA ADJUNTA DA RECEITA ESTADUAL<\/strong>, no uso de suas atribui\u00e7\u00f5es legais, e tendo em vista o disposto no art. 65, do Regimento Interno da Secretaria de Estado da Fazenda, aprovado pelo Decreto n\u00ba 183, de 6 de outubro de 1975;<\/p>\r\n\r\n\r\n\r\n<p class=\"wp-block-paragraph\"><strong>RESOLVE:<\/strong><\/p>\r\n\r\n\r\n\r\n<p class=\"wp-block-paragraph\">Art. 1\u00ba Os anexos III e IV da <a href=\"https:\/\/sefaz.ac.gov.br\/2021\/?p=11663\" target=\"_blank\" rel=\"noreferrer noopener\">Portaria n\u00ba 565, de 29 de novembro de 2016<\/a>, passam a vigorar com os seguintes acr\u00e9scimos:<\/p>\r\n\r\n\r\n\r\n<p class=\"has-text-align-center wp-block-paragraph\"><strong>ANEXO III<\/strong><\/p>\r\n\r\n\r\n\r\n<figure class=\"wp-block-table\">\r\n<table>\r\n<tbody>\r\n<tr>\r\n<td class=\"has-text-align-center\" colspan=\"4\" data-align=\"center\"><strong>TABELA 5.3<\/strong> <strong>TABELA DE AJUSTES E INFORMA\u00c7\u00d5ES DE VALORES PROVENIENTES DE DOCUMENTOS FISCAIS<\/strong><\/td>\r\n<\/tr>\r\n<tr>\r\n<td class=\"has-text-align-center\" data-align=\"center\">C\u00d3DIGO DO AJUSTE<\/td>\r\n<td class=\"has-text-align-center\" data-align=\"center\">DESCRI\u00c7\u00c3O DO AJUSTE<\/td>\r\n<td class=\"has-text-align-center\" data-align=\"center\">DATA DE IN\u00cdCIO<\/td>\r\n<td class=\"has-text-align-center\" data-align=\"center\">DATA DE FIM<\/td>\r\n<\/tr>\r\n<tr>\r\n<td class=\"has-text-align-center\" data-align=\"center\">AC10000009<\/td>\r\n<td class=\"has-text-align-center\" data-align=\"center\">Apura\u00e7\u00e3o do ICMS; Outros cr\u00e9ditos; proveniente de mercadoria inclu\u00edda na cesta b\u00e1sica, decorrente de reconstitui\u00e7\u00e3o da cadeia tribut\u00e1ria pela utiliza\u00e7\u00e3o no processo de industrializa\u00e7\u00e3o<\/td>\r\n<td class=\"has-text-align-center\" data-align=\"center\">01\/01\/2019<\/td>\r\n<td class=\"has-text-align-center\" data-align=\"center\">\u00a0<\/td>\r\n<\/tr>\r\n<tr>\r\n<td class=\"has-text-align-center\" data-align=\"center\">AC10000010<\/td>\r\n<td class=\"has-text-align-center\" data-align=\"center\">Apura\u00e7\u00e3o do ICMS; Outros cr\u00e9ditos; proveniente de mercadoria inclu\u00edda na ST ou antecipa\u00e7\u00e3o com encerramento, decorrente de reconstitui\u00e7\u00e3o da cadeia tribut\u00e1ria pela utiliza\u00e7\u00e3o no processo de industrializa\u00e7\u00e3o<\/td>\r\n<td class=\"has-text-align-center\" data-align=\"center\">01\/01\/2019<\/td>\r\n<td class=\"has-text-align-center\" data-align=\"center\">\u00a0<\/td>\r\n<\/tr>\r\n<tr>\r\n<td class=\"has-text-align-center\" data-align=\"center\">AC99990003<\/td>\r\n<td class=\"has-text-align-center\" data-align=\"center\">Informativo &#8211; Valor do ICMS a ser restitu\u00eddo ou ressarcido em forma de cr\u00e9dito fiscal apurado no registro C176, por item<\/td>\r\n<td class=\"has-text-align-center\" data-align=\"center\">01\/01\/2019<\/td>\r\n<td class=\"has-text-align-center\" data-align=\"center\">\u00a0<\/td>\r\n<\/tr>\r\n<\/tbody>\r\n<\/table>\r\n<\/figure>\r\n\r\n\r\n\r\n<p class=\"has-text-align-center wp-block-paragraph\"><strong>ANEXO IV<\/strong><\/p>\r\n\r\n\r\n\r\n<figure class=\"wp-block-table\">\r\n<table>\r\n<tbody>\r\n<tr>\r\n<td class=\"has-text-align-center\" colspan=\"4\" data-align=\"center\"><strong>\u00a0<\/strong> <strong>TABELA DE C\u00d3DIGOS DE RECEITA<\/strong> <strong>\u00a0<\/strong><\/td>\r\n<\/tr>\r\n<tr>\r\n<td class=\"has-text-align-center\" data-align=\"center\">C\u00d3DIGO DE RECEITA<\/td>\r\n<td class=\"has-text-align-center\" data-align=\"center\">DESCRI\u00c7\u00c3O DO C\u00d3DIGO DE RECEITA<\/td>\r\n<td class=\"has-text-align-center\" data-align=\"center\">DATA DE IN\u00cdCIO<\/td>\r\n<td class=\"has-text-align-center\" data-align=\"center\">DATA DE FIM<\/td>\r\n<\/tr>\r\n<tr>\r\n<td class=\"has-text-align-center\" data-align=\"center\">1460<\/td>\r\n<td class=\"has-text-align-center\" data-align=\"center\">ICMS Ind\u00fastria<\/td>\r\n<td class=\"has-text-align-center\" data-align=\"center\">01\/01\/2019<\/td>\r\n<td class=\"has-text-align-center\" data-align=\"center\">\u00a0<\/td>\r\n<\/tr>\r\n<\/tbody>\r\n<\/table>\r\n<\/figure>\r\n\r\n\r\n\r\n<p class=\"has-text-align-center wp-block-paragraph\"><strong>ANEXO V<\/strong><\/p>\r\n\r\n\r\n\r\n<figure class=\"wp-block-table\">\r\n<table>\r\n<tbody>\r\n<tr>\r\n<td class=\"has-text-align-center\" data-align=\"center\">C\u00d3DIGO DO ITEM P\/ IPM<\/td>\r\n<td class=\"has-text-align-center\" data-align=\"center\">DESCRI\u00c7\u00c3O DO C\u00d3DIGO DO ITEM PARA O IPM<\/td>\r\n<td class=\"has-text-align-center\" data-align=\"center\">DATA DE IN\u00cdCIO<\/td>\r\n<td class=\"has-text-align-center\" data-align=\"center\">DATA DE FIM<\/td>\r\n<\/tr>\r\n<tr>\r\n<td class=\"has-text-align-center\" data-align=\"center\">ACIPME01<\/td>\r\n<td class=\"has-text-align-center\" data-align=\"center\">\u00a0 Agricultura &#8211; Valor Cont\u00e1bil das Entradas de insumos para produ\u00e7\u00e3o pr\u00f3pria de produtos agr\u00edcolas, produzidos em propriedade rural de responsabilidade do contribuinte, ainda que no sistema integrado, por munic\u00edpio acreano, excluindo-se as opera\u00e7\u00f5es dedut\u00edveis \u00a0<\/td>\r\n<td class=\"has-text-align-center\" data-align=\"center\">01\/01\/2019<\/td>\r\n<td class=\"has-text-align-center\" data-align=\"center\">\u00a0<\/td>\r\n<\/tr>\r\n<tr>\r\n<td class=\"has-text-align-center\" data-align=\"center\">ACIPMS01<\/td>\r\n<td class=\"has-text-align-center\" data-align=\"center\">Agricultura &#8211; Valor Cont\u00e1bil das Sa\u00eddas para comercializa\u00e7\u00e3o ou industrializa\u00e7\u00e3o de produ\u00e7\u00e3o pr\u00f3pria de produtos agr\u00edcolas, produzidos em propriedade rural de responsabilidade do contribuinte, ainda que no sistema integrado, por munic\u00edpio acreano, excluindo-se as opera\u00e7\u00f5es dedut\u00edveis<\/td>\r\n<td class=\"has-text-align-center\" data-align=\"center\">01\/01\/2019<\/td>\r\n<td class=\"has-text-align-center\" data-align=\"center\">\u00a0<\/td>\r\n<\/tr>\r\n<tr>\r\n<td class=\"has-text-align-center\" data-align=\"center\">ACIPME02<\/td>\r\n<td class=\"has-text-align-center\" data-align=\"center\">Pecu\u00e1ria &#8211; Valor Cont\u00e1bil das Entradas de mercadorias e\/ou aquisi\u00e7\u00f5es de servi\u00e7os para produ\u00e7\u00e3o pecu\u00e1ria, por munic\u00edpio acreano, excluindo-se as opera\u00e7\u00f5es dedut\u00edveis<\/td>\r\n<td class=\"has-text-align-center\" data-align=\"center\">01\/01\/2019<\/td>\r\n<td class=\"has-text-align-center\" data-align=\"center\">\u00a0<\/td>\r\n<\/tr>\r\n<tr>\r\n<td class=\"has-text-align-center\" data-align=\"center\">ACIPMS02<\/td>\r\n<td class=\"has-text-align-center\" data-align=\"center\">\u00a0 Pecu\u00e1ria &#8211; Valor Cont\u00e1bil das Sa\u00eddas de mercadorias e\/ou presta\u00e7\u00f5es de servi\u00e7os de produ\u00e7\u00e3o pecu\u00e1ria, por munic\u00edpio acreano, excluindo-se as opera\u00e7\u00f5es dedut\u00edveis \u00a0<\/td>\r\n<td class=\"has-text-align-center\" data-align=\"center\">01\/01\/2019<\/td>\r\n<td class=\"has-text-align-center\" data-align=\"center\">\u00a0<\/td>\r\n<\/tr>\r\n<tr>\r\n<td class=\"has-text-align-center\" data-align=\"center\">ACIPME03<\/td>\r\n<td class=\"has-text-align-center\" data-align=\"center\">Pesca &#8211; Valor Cont\u00e1bil das Entradas de mercadorias e\/ou aquisi\u00e7\u00f5es de servi\u00e7os para produ\u00e7\u00e3o de pescado, por munic\u00edpio acreano, excluindo-se as opera\u00e7\u00f5es dedut\u00edveis<\/td>\r\n<td class=\"has-text-align-center\" data-align=\"center\">01\/01\/2019<\/td>\r\n<td class=\"has-text-align-center\" data-align=\"center\">\u00a0<\/td>\r\n<\/tr>\r\n<tr>\r\n<td class=\"has-text-align-center\" data-align=\"center\">ACIPMS03<\/td>\r\n<td class=\"has-text-align-center\" data-align=\"center\">Pesca &#8211; Valor Cont\u00e1bil das Sa\u00eddas de mercadorias e\/ou presta\u00e7\u00f5es de servi\u00e7os da produ\u00e7\u00e3o de pescado, por munic\u00edpio acreano, excluindo-se as opera\u00e7\u00f5es dedut\u00edveis<\/td>\r\n<td class=\"has-text-align-center\" data-align=\"center\">01\/01\/2019<\/td>\r\n<td class=\"has-text-align-center\" data-align=\"center\">\u00a0<\/td>\r\n<\/tr>\r\n<tr>\r\n<td class=\"has-text-align-center\" data-align=\"center\">ACIPME04<\/td>\r\n<td class=\"has-text-align-center\" data-align=\"center\">Transporte &#8211; Valor Cont\u00e1bil das Entradas provenientes das aquisi\u00e7\u00f5es de servi\u00e7os de Transporte por munic\u00edpio acreano, excluindo-se as opera\u00e7\u00f5es dedut\u00edveis<\/td>\r\n<td class=\"has-text-align-center\" data-align=\"center\">01\/01\/2019<\/td>\r\n<td class=\"has-text-align-center\" data-align=\"center\">\u00a0<\/td>\r\n<\/tr>\r\n<tr>\r\n<td class=\"has-text-align-center\" data-align=\"center\">ACIPMS04<\/td>\r\n<td class=\"has-text-align-center\" data-align=\"center\">Transporte &#8211; Valor Cont\u00e1bil das Sa\u00eddas referente a presta\u00e7\u00f5es de servi\u00e7os de Transporte por munic\u00edpio acreano, excluindo-se as opera\u00e7\u00f5es dedut\u00edveis<\/td>\r\n<td class=\"has-text-align-center\" data-align=\"center\">01\/01\/2019<\/td>\r\n<td class=\"has-text-align-center\" data-align=\"center\">\u00a0<\/td>\r\n<\/tr>\r\n<tr>\r\n<td class=\"has-text-align-center\" data-align=\"center\">ACIPME05<\/td>\r\n<td class=\"has-text-align-center\" data-align=\"center\">Produ\u00e7\u00e3o de Energia El\u00e9trica (Usinas) &#8211; Valor Cont\u00e1bil das Entradas de mercadorias e\/ou aquisi\u00e7\u00f5es de servi\u00e7os utilizados na gera\u00e7\u00e3o de energia el\u00e9trica, por munic\u00edpio acreano, excluindo-se as opera\u00e7\u00f5es dedut\u00edveis<\/td>\r\n<td class=\"has-text-align-center\" data-align=\"center\">01\/01\/2019<\/td>\r\n<td class=\"has-text-align-center\" data-align=\"center\">\u00a0<\/td>\r\n<\/tr>\r\n<tr>\r\n<td class=\"has-text-align-center\" data-align=\"center\">ACIPMS05<\/td>\r\n<td class=\"has-text-align-center\" data-align=\"center\">Produ\u00e7\u00e3o de Energia El\u00e9trica (Usinas) &#8211; Valor Cont\u00e1bil das Sa\u00eddas de mercadorias e\/ou presta\u00e7\u00f5es de servi\u00e7os da gera\u00e7\u00e3o de energia el\u00e9trica, por munic\u00edpio acreano,<\/td>\r\n<td class=\"has-text-align-center\" data-align=\"center\">01\/01\/2019<\/td>\r\n<td class=\"has-text-align-center\" data-align=\"center\">\u00a0<\/td>\r\n<\/tr>\r\n<tr>\r\n<td class=\"has-text-align-center\" data-align=\"center\">ACIPMS05<\/td>\r\n<td class=\"has-text-align-center\" data-align=\"center\">Produ\u00e7\u00e3o de Energia El\u00e9trica (Usinas) &#8211; Valor Cont\u00e1bil das Sa\u00eddas de mercadorias e\/ou presta\u00e7\u00f5es de servi\u00e7os da gera\u00e7\u00e3o de energia el\u00e9trica, por munic\u00edpio acreano,<\/td>\r\n<td class=\"has-text-align-center\" data-align=\"center\">01\/01\/2019<\/td>\r\n<td class=\"has-text-align-center\" data-align=\"center\">\u00a0<\/td>\r\n<\/tr>\r\n<tr>\r\n<td class=\"has-text-align-center\" data-align=\"center\">ACIPMS05<\/td>\r\n<td class=\"has-text-align-center\" data-align=\"center\">Produ\u00e7\u00e3o de Energia El\u00e9trica (Usinas) &#8211; Valor Cont\u00e1bil das Sa\u00eddas de mercadorias e\/ou presta\u00e7\u00f5es de servi\u00e7os da gera\u00e7\u00e3o de energia el\u00e9trica, por munic\u00edpio acreano,<\/td>\r\n<td class=\"has-text-align-center\" data-align=\"center\">01\/01\/2019<\/td>\r\n<td class=\"has-text-align-center\" data-align=\"center\">\u00a0<\/td>\r\n<\/tr>\r\n<tr>\r\n<td class=\"has-text-align-center\" data-align=\"center\">ACIPMS05<\/td>\r\n<td class=\"has-text-align-center\" data-align=\"center\">Produ\u00e7\u00e3o de Energia El\u00e9trica (Usinas) &#8211; Valor Cont\u00e1bil das Sa\u00eddas de mercadorias e\/ou presta\u00e7\u00f5es de servi\u00e7os da gera\u00e7\u00e3o de energia el\u00e9trica, por munic\u00edpio acreano,<\/td>\r\n<td class=\"has-text-align-center\" data-align=\"center\">01\/01\/2019<\/td>\r\n<td class=\"has-text-align-center\" data-align=\"center\">\u00a0<\/td>\r\n<\/tr>\r\n<tr>\r\n<td class=\"has-text-align-center\" data-align=\"center\">ACIPMS05<\/td>\r\n<td class=\"has-text-align-center\" data-align=\"center\">Produ\u00e7\u00e3o de Energia El\u00e9trica (Usinas) &#8211; Valor Cont\u00e1bil das Sa\u00eddas de mercadorias e\/ou presta\u00e7\u00f5es de servi\u00e7os da gera\u00e7\u00e3o de energia el\u00e9trica, por munic\u00edpio acreano,<\/td>\r\n<td class=\"has-text-align-center\" data-align=\"center\">01\/01\/2019<\/td>\r\n<td class=\"has-text-align-center\" data-align=\"center\">\u00a0<\/td>\r\n<\/tr>\r\n<tr>\r\n<td class=\"has-text-align-center\" data-align=\"center\">ACIPMS05<\/td>\r\n<td class=\"has-text-align-center\" data-align=\"center\">Produ\u00e7\u00e3o de Energia El\u00e9trica (Usinas) &#8211; Valor Cont\u00e1bil das Sa\u00eddas de mercadorias e\/ou presta\u00e7\u00f5es de servi\u00e7os da gera\u00e7\u00e3o de energia el\u00e9trica, por munic\u00edpio acreano,<\/td>\r\n<td class=\"has-text-align-center\" data-align=\"center\">01\/01\/2019<\/td>\r\n<td class=\"has-text-align-center\" data-align=\"center\">\u00a0<\/td>\r\n<\/tr>\r\n<tr>\r\n<td class=\"has-text-align-center\" data-align=\"center\">ACIPMS05<\/td>\r\n<td class=\"has-text-align-center\" data-align=\"center\">Produ\u00e7\u00e3o de Energia El\u00e9trica (Usinas) &#8211; Valor Cont\u00e1bil das Sa\u00eddas de mercadorias e\/ou presta\u00e7\u00f5es de servi\u00e7os da gera\u00e7\u00e3o de energia el\u00e9trica, por munic\u00edpio acreano, \u00a0<\/td>\r\n<td class=\"has-text-align-center\" data-align=\"center\">01\/01\/2019<\/td>\r\n<td class=\"has-text-align-center\" data-align=\"center\">\u00a0<\/td>\r\n<\/tr>\r\n<tr>\r\n<td class=\"has-text-align-center\" data-align=\"center\">ACIPMS05<\/td>\r\n<td class=\"has-text-align-center\" data-align=\"center\">Produ\u00e7\u00e3o de Energia El\u00e9trica (Usinas) &#8211; Valor Cont\u00e1bil das Sa\u00eddas de mercadorias e\/ou presta\u00e7\u00f5es de servi\u00e7os da gera\u00e7\u00e3o de energia el\u00e9trica, por munic\u00edpio acreano,<\/td>\r\n<td class=\"has-text-align-center\" data-align=\"center\">01\/01\/2019<\/td>\r\n<td class=\"has-text-align-center\" data-align=\"center\">\u00a0<\/td>\r\n<\/tr>\r\n<tr>\r\n<td class=\"has-text-align-center\" data-align=\"center\">ACIPMS05<\/td>\r\n<td class=\"has-text-align-center\" data-align=\"center\">Produ\u00e7\u00e3o de Energia El\u00e9trica (Usinas) &#8211; Valor Cont\u00e1bil das Sa\u00eddas de mercadorias e\/ou presta\u00e7\u00f5es de servi\u00e7os da gera\u00e7\u00e3o de energia el\u00e9trica, por munic\u00edpio acreano,<\/td>\r\n<td class=\"has-text-align-center\" data-align=\"center\">01\/01\/2019<\/td>\r\n<td class=\"has-text-align-center\" data-align=\"center\">\u00a0<\/td>\r\n<\/tr>\r\n<tr>\r\n<td class=\"has-text-align-center\" data-align=\"center\">ACIPMS05<\/td>\r\n<td class=\"has-text-align-center\" data-align=\"center\">Produ\u00e7\u00e3o de Energia El\u00e9trica (Usinas) &#8211; Valor Cont\u00e1bil das Sa\u00eddas de mercadorias e\/ou presta\u00e7\u00f5es de servi\u00e7os da gera\u00e7\u00e3o de energia el\u00e9trica, por munic\u00edpio acreano,<\/td>\r\n<td class=\"has-text-align-center\" data-align=\"center\">01\/01\/2019<\/td>\r\n<td class=\"has-text-align-center\" data-align=\"center\">\u00a0<\/td>\r\n<\/tr>\r\n<tr>\r\n<td class=\"has-text-align-center\" data-align=\"center\">ACIPMS05<\/td>\r\n<td class=\"has-text-align-center\" data-align=\"center\">Produ\u00e7\u00e3o de Energia El\u00e9trica (Usinas) &#8211; Valor Cont\u00e1bil das Sa\u00eddas de mercadorias e\/ou presta\u00e7\u00f5es de servi\u00e7os da gera\u00e7\u00e3o de energia el\u00e9trica, por munic\u00edpio acreano,<\/td>\r\n<td class=\"has-text-align-center\" data-align=\"center\">01\/01\/2019<\/td>\r\n<td class=\"has-text-align-center\" data-align=\"center\">\u00a0<\/td>\r\n<\/tr>\r\n<\/tbody>\r\n<\/table>\r\n<\/figure>\r\n\r\n\r\n\r\n<p class=\"wp-block-paragraph\">Art. 3\u00ba \u00a0O artigo 3\u00ba da Portaria n\u00ba 565, de 29 de novembro de 2016, passa a vigorar com a seguinte altera\u00e7\u00e3o:<\/p>\r\n\r\n\r\n\r\n<blockquote class=\"wp-block-quote is-layout-flow wp-block-quote-is-layout-flow\">\r\n<p class=\"wp-block-paragraph\">\u201cArt. 3\u00ba &#8230;<\/p>\r\n\r\n\r\n\r\n<p class=\"wp-block-paragraph\">\u00a0&#8230;.<\/p>\r\n\r\n\r\n\r\n<p class=\"wp-block-paragraph\">\u00a0V &#8211; Registro 1400 &#8211; Registro de Informa\u00e7\u00e3o sobre Valores Agregados, pelos declarantes especificados no \u00a7 2\u00ba deste artigo, com informa\u00e7\u00f5es para o c\u00e1lculo do valor adicionado por munic\u00edpio, discriminado por entradas e sa\u00eddas de acordo com c\u00f3digos constantes da \u201cTabela de itens do AC para o \u00cdndice de Participa\u00e7\u00e3o do Munic\u00edpio\u201d, constante do anexo V desta portaria;\u201d<\/p>\r\n<\/blockquote>\r\n\r\n\r\n\r\n<p class=\"wp-block-paragraph\">Art. 4\u00ba Esta Portaria entre em vigor na data de sua publica\u00e7\u00e3o.<\/p>\r\n\r\n\r\n\r\n<p class=\"wp-block-paragraph\">Rio Branco &#8211; Acre, 17 de dezembro de 2018.<\/p>\r\n","protected":false},"excerpt":{"rendered":"<p>Altera a Portaria n\u00ba 565, de 29 de novembro de 2016, que disp\u00f5e sobre os c\u00f3digos de ajustes e informa\u00e7\u00f5es obrigat\u00f3rias da Escritura\u00e7\u00e3o Fiscal Digital \u2013 EFD no Estado do Acre.<\/p>\n","protected":false},"author":5,"featured_media":0,"comment_status":"closed","ping_status":"closed","sticky":false,"template":"","format":"standard","meta":{"_acf_changed":false,"footnotes":""},"categories":[3,33],"tags":[72,35],"class_list":["post-13708","post","type-post","status-publish","format-standard","hentry","category-legislacao","category-portarias","tag-efd","tag-icms"],"acf":[],"_links":{"self":[{"href":"https:\/\/sefaz.ac.gov.br\/2021\/index.php?rest_route=\/wp\/v2\/posts\/13708","targetHints":{"allow":["GET"]}}],"collection":[{"href":"https:\/\/sefaz.ac.gov.br\/2021\/index.php?rest_route=\/wp\/v2\/posts"}],"about":[{"href":"https:\/\/sefaz.ac.gov.br\/2021\/index.php?rest_route=\/wp\/v2\/types\/post"}],"author":[{"embeddable":true,"href":"https:\/\/sefaz.ac.gov.br\/2021\/index.php?rest_route=\/wp\/v2\/users\/5"}],"replies":[{"embeddable":true,"href":"https:\/\/sefaz.ac.gov.br\/2021\/index.php?rest_route=%2Fwp%2Fv2%2Fcomments&post=13708"}],"version-history":[{"count":1,"href":"https:\/\/sefaz.ac.gov.br\/2021\/index.php?rest_route=\/wp\/v2\/posts\/13708\/revisions"}],"predecessor-version":[{"id":24086,"href":"https:\/\/sefaz.ac.gov.br\/2021\/index.php?rest_route=\/wp\/v2\/posts\/13708\/revisions\/24086"}],"wp:attachment":[{"href":"https:\/\/sefaz.ac.gov.br\/2021\/index.php?rest_route=%2Fwp%2Fv2%2Fmedia&parent=13708"}],"wp:term":[{"taxonomy":"category","embeddable":true,"href":"https:\/\/sefaz.ac.gov.br\/2021\/index.php?rest_route=%2Fwp%2Fv2%2Fcategories&post=13708"},{"taxonomy":"post_tag","embeddable":true,"href":"https:\/\/sefaz.ac.gov.br\/2021\/index.php?rest_route=%2Fwp%2Fv2%2Ftags&post=13708"}],"curies":[{"name":"wp","href":"https:\/\/api.w.org\/{rel}","templated":true}]}}