{"id":13688,"date":"2018-05-08T13:36:07","date_gmt":"2018-05-08T16:36:07","guid":{"rendered":"http:\/\/sefaz.acre.gov.br:80\/2021\/?p=13688"},"modified":"2023-04-28T11:53:17","modified_gmt":"2023-04-28T14:53:17","slug":"portaria-no-147-de-8-de-maio-de-2018","status":"publish","type":"post","link":"https:\/\/sefaz.ac.gov.br\/2021\/?p=13688","title":{"rendered":"PORTARIA N\u00ba 147, DE 8 DE MAIO DE 2018"},"content":{"rendered":"\n<p class=\"wp-block-paragraph\"><strong>O SECRET\u00c1RIO DE ESTADO DA FAZENDA<\/strong>, no uso da atribui\u00e7\u00e3o que lhe confere o art. 25, III do Regimento Interno da Secretaria de Estado da Fazenda, aprovado pelo Decreto n.\u00ba 183, de 6 de outubro de 1975,<\/p>\n\n\n\n<p class=\"wp-block-paragraph\">Considerando o disposto no art. 518 do Decreto n\u00ba 008, de 26 de janeiro de 1998, que regulamenta o ICMS no Estado do Acre,<\/p>\n\n\n\n<p class=\"wp-block-paragraph\">Considerando o disposto no Conv\u00eanio ICMS 190\/2017, de 15 de dezembro de 2017,<\/p>\n\n\n\n<p class=\"wp-block-paragraph\"><strong>RESOLVE:<\/strong><\/p>\n\n\n\n<p class=\"wp-block-paragraph\">Art. 1\u00ba &nbsp;O contribuinte do ICMS que houver firmado Termo de Acordo de Regime Especial &#8211; TARE para frui\u00e7\u00e3o de benef\u00edcio fiscal institu\u00eddo por quaisquer das normas relacionadas no Anexo \u00danico desta Portaria dever\u00e1 entregar c\u00f3pia do referido TARE \u00e0 Secretaria de Estado da Fazenda at\u00e9 o dia 30 de maio de 2018, para fins de convalida\u00e7\u00e3o do benef\u00edcio.<\/p>\n\n\n\n<p class=\"wp-block-paragraph\">\u00a7 1\u00ba A c\u00f3pia do TARE dever\u00e1 ser protocolada em qualquer ag\u00eancia da Secretaria de Estado da Fazenda e imediatamente encaminhada pela unidade receptora ao Departamento de Gest\u00e3o Tribut\u00e1ria.<\/p>\n\n\n\n<p class=\"wp-block-paragraph\">\u00a7 2\u00ba A n\u00e3o apresenta\u00e7\u00e3o do documento de que trata o <strong>caput<\/strong> poder\u00e1 implicar na declara\u00e7\u00e3o de nulidade do TARE e glosa do incentivo fiscal (Conv\u00eanio ICMS n\u00ba 190\/2017).<\/p>\n\n\n\n<p class=\"wp-block-paragraph\">\u00a7 3\u00ba Dever\u00e1 ser apresentada c\u00f3pia do TARE original e suas altera\u00e7\u00f5es e renova\u00e7\u00f5es, dos vigentes e dos revogados ou extintos pelo decurso do prazo.<\/p>\n\n\n\n<p class=\"wp-block-paragraph\">Art. 2\u00ba Esta Portaria entrara em vigor na data de sua publica\u00e7\u00e3o.<\/p>\n\n\n\n<p class=\"wp-block-paragraph\">Rio Branco, 8 de maio de 2018.<\/p>\n","protected":false},"excerpt":{"rendered":"<p>Estabelece procedimento a ser observado por contribuintes para convalida\u00e7\u00e3o de benef\u00edcios fiscais nos casos que especifica.<\/p>\n","protected":false},"author":5,"featured_media":0,"comment_status":"closed","ping_status":"closed","sticky":false,"template":"","format":"standard","meta":{"_acf_changed":false,"footnotes":""},"categories":[3,33],"tags":[35],"class_list":["post-13688","post","type-post","status-publish","format-standard","hentry","category-legislacao","category-portarias","tag-icms"],"acf":[],"_links":{"self":[{"href":"https:\/\/sefaz.ac.gov.br\/2021\/index.php?rest_route=\/wp\/v2\/posts\/13688","targetHints":{"allow":["GET"]}}],"collection":[{"href":"https:\/\/sefaz.ac.gov.br\/2021\/index.php?rest_route=\/wp\/v2\/posts"}],"about":[{"href":"https:\/\/sefaz.ac.gov.br\/2021\/index.php?rest_route=\/wp\/v2\/types\/post"}],"author":[{"embeddable":true,"href":"https:\/\/sefaz.ac.gov.br\/2021\/index.php?rest_route=\/wp\/v2\/users\/5"}],"replies":[{"embeddable":true,"href":"https:\/\/sefaz.ac.gov.br\/2021\/index.php?rest_route=%2Fwp%2Fv2%2Fcomments&post=13688"}],"version-history":[{"count":0,"href":"https:\/\/sefaz.ac.gov.br\/2021\/index.php?rest_route=\/wp\/v2\/posts\/13688\/revisions"}],"wp:attachment":[{"href":"https:\/\/sefaz.ac.gov.br\/2021\/index.php?rest_route=%2Fwp%2Fv2%2Fmedia&parent=13688"}],"wp:term":[{"taxonomy":"category","embeddable":true,"href":"https:\/\/sefaz.ac.gov.br\/2021\/index.php?rest_route=%2Fwp%2Fv2%2Fcategories&post=13688"},{"taxonomy":"post_tag","embeddable":true,"href":"https:\/\/sefaz.ac.gov.br\/2021\/index.php?rest_route=%2Fwp%2Fv2%2Ftags&post=13688"}],"curies":[{"name":"wp","href":"https:\/\/api.w.org\/{rel}","templated":true}]}}