{"id":13684,"date":"2018-03-02T13:29:13","date_gmt":"2018-03-02T16:29:13","guid":{"rendered":"http:\/\/sefaz.acre.gov.br:80\/2021\/?p=13684"},"modified":"2023-04-28T11:50:43","modified_gmt":"2023-04-28T14:50:43","slug":"portaria-no-047-de-2-de-marco-de-2018","status":"publish","type":"post","link":"https:\/\/sefaz.ac.gov.br\/2021\/?p=13684","title":{"rendered":"PORTARIA N\u00ba 047, DE 2 DE MAR\u00c7O DE 2018"},"content":{"rendered":"\n<p class=\"wp-block-paragraph\"><strong>O SECRET\u00c1RIO DE ESTADO DA FAZENDA, <\/strong>no uso das atribui\u00e7\u00f5es legais que lhe confere o Decreto n\u00ba 2.617, de 5 de junho de 2015;<\/p>\n\n\n\n<p class=\"wp-block-paragraph\">&nbsp;Considerando o art. 65, II, do Decreto n\u00ba 183, de 6 de outubro de 1975, que aprovou o Regimento Interno da Secretaria de Estado da Fazenda;<\/p>\n\n\n\n<p class=\"wp-block-paragraph\">&nbsp;Considerando o art. 519 do Regulamento do ICMS do Estado do Acre, aprovado pelo Decreto n\u00ba 008, de 26 de janeiro de 1998; e<\/p>\n\n\n\n<p class=\"wp-block-paragraph\">&nbsp;Considerando problemas de log\u00edstica na entrega das notifica\u00e7\u00f5es referentes \u00e0 segunda quinzena de janeiro dos contribuintes localizados nos munic\u00edpios de Cruzeiro do Sul, M\u00e2ncio Lima e Rodrigues Alves.<\/p>\n\n\n\n<p class=\"wp-block-paragraph\">&nbsp;<strong>RESOLVE:<\/strong><\/p>\n\n\n\n<p class=\"wp-block-paragraph\"><strong>&nbsp;<\/strong>Art. 1\u00ba Fica, excepcionalmente, prorrogado para 9 de mar\u00e7o de 2018, o prazo para pagamento das Notifica\u00e7\u00f5es Especiais de d\u00e9bitos do ICMS de fatos geradores da segunda quinzena de janeiro, emitidas com vencimento em 27 de fevereiro de 2018, de contribuintes localizados nos munic\u00edpios de Cruzeiro do Sul, M\u00e2ncio Lima e Rodrigues Alves.<\/p>\n\n\n\n<p class=\"wp-block-paragraph\">&nbsp;Art. 2\u00ba A prorroga\u00e7\u00e3o prevista nesta portaria n\u00e3o autoriza a restitui\u00e7\u00e3o ou a compensa\u00e7\u00e3o de import\u00e2ncias j\u00e1 recolhidas.<\/p>\n\n\n\n<p class=\"wp-block-paragraph\">&nbsp;Art. 3 \u00ba Esta Portaria entra em vigor na data de sua publica\u00e7\u00e3o.<\/p>\n\n\n\n<p class=\"wp-block-paragraph\">&nbsp;Rio Branco &#8211; Acre, 2 de mar\u00e7o de 2018.<\/p>\n","protected":false},"excerpt":{"rendered":"<p>Disp\u00f5e sobre a prorroga\u00e7\u00e3o do prazo para pagamento de d\u00e9bitos do ICMS no caso que especifica.<\/p>\n","protected":false},"author":5,"featured_media":0,"comment_status":"closed","ping_status":"closed","sticky":false,"template":"","format":"standard","meta":{"_acf_changed":false,"footnotes":""},"categories":[3,33],"tags":[35],"class_list":["post-13684","post","type-post","status-publish","format-standard","hentry","category-legislacao","category-portarias","tag-icms"],"acf":[],"_links":{"self":[{"href":"https:\/\/sefaz.ac.gov.br\/2021\/index.php?rest_route=\/wp\/v2\/posts\/13684","targetHints":{"allow":["GET"]}}],"collection":[{"href":"https:\/\/sefaz.ac.gov.br\/2021\/index.php?rest_route=\/wp\/v2\/posts"}],"about":[{"href":"https:\/\/sefaz.ac.gov.br\/2021\/index.php?rest_route=\/wp\/v2\/types\/post"}],"author":[{"embeddable":true,"href":"https:\/\/sefaz.ac.gov.br\/2021\/index.php?rest_route=\/wp\/v2\/users\/5"}],"replies":[{"embeddable":true,"href":"https:\/\/sefaz.ac.gov.br\/2021\/index.php?rest_route=%2Fwp%2Fv2%2Fcomments&post=13684"}],"version-history":[{"count":0,"href":"https:\/\/sefaz.ac.gov.br\/2021\/index.php?rest_route=\/wp\/v2\/posts\/13684\/revisions"}],"wp:attachment":[{"href":"https:\/\/sefaz.ac.gov.br\/2021\/index.php?rest_route=%2Fwp%2Fv2%2Fmedia&parent=13684"}],"wp:term":[{"taxonomy":"category","embeddable":true,"href":"https:\/\/sefaz.ac.gov.br\/2021\/index.php?rest_route=%2Fwp%2Fv2%2Fcategories&post=13684"},{"taxonomy":"post_tag","embeddable":true,"href":"https:\/\/sefaz.ac.gov.br\/2021\/index.php?rest_route=%2Fwp%2Fv2%2Ftags&post=13684"}],"curies":[{"name":"wp","href":"https:\/\/api.w.org\/{rel}","templated":true}]}}