{"id":13619,"date":"2017-08-02T12:40:18","date_gmt":"2017-08-02T15:40:18","guid":{"rendered":"http:\/\/sefaz.acre.gov.br:80\/2021\/?p=13619"},"modified":"2023-04-28T11:40:37","modified_gmt":"2023-04-28T14:40:37","slug":"portaria-no-295-de-02-de-agosto-de-2017","status":"publish","type":"post","link":"https:\/\/sefaz.ac.gov.br\/2021\/?p=13619","title":{"rendered":"PORTARIA N\u00ba 295, DE 02 DE AGOSTO DE 2017"},"content":{"rendered":"\n<p class=\"wp-block-paragraph\"><strong>A SECRET\u00c1RIA DE ESTADO DA FAZENDA,<\/strong> no uso das atribui\u00e7\u00f5es legais;<\/p>\n\n\n\n<p class=\"wp-block-paragraph\">Considerando o art. 65, II, do Decreto n\u00ba 183, de 6 de outubro de 1975, que aprovou o Regimento Interno da Secretaria de Estado da Fazenda;<\/p>\n\n\n\n<p class=\"wp-block-paragraph\">Considerando o art. 519 do Regulamento do ICMS do Estado do Acre, aprovado pelo Decreto n\u00ba 008, de 26 de janeiro de 1998;<\/p>\n\n\n\n<p class=\"wp-block-paragraph\">Considerando que problemas na rede de inform\u00e1tica desta Secretaria, no per\u00edodo de 24 de julho a 1\u00ba de agosto de 2017, impossibilitaram a presta\u00e7\u00e3o de servi\u00e7os relacionados \u00e0 emiss\u00e3o e corre\u00e7\u00e3o de notifica\u00e7\u00f5es especiais para os contribuintes estabelecidos em Cruzeiro do Sul, M\u00e2ncio Lima, Marechal Thaumaturgo, Rodrigues Alves, Sena Madureira e Porto Valter;<\/p>\n\n\n\n<p class=\"wp-block-paragraph\"><strong>RESOLVE:<\/strong><\/p>\n\n\n\n<p class=\"wp-block-paragraph\">Art.1\u00ba Fica, excepcionalmente, prorrogado para 9 de agosto de 2017, o prazo de pagamento das Notifica\u00e7\u00f5es Especiais de d\u00e9bitos do ICMS, referen\u00adtes \u00e0 segunda quinzena de junho, emitidas, originalmente, para vencimento em 28 de julho de 2017.<\/p>\n\n\n\n<p class=\"wp-block-paragraph\">Par\u00e1grafo \u00fanico. O disposto neste artigo:<\/p>\n\n\n\n<p class=\"wp-block-paragraph\">I &#8211; aplica-se aos contribuintes estabelecidos em Cruzeiro do Sul, M\u00e2ncio Lima, Marechal Thaumaturgo, Rodrigues Alves, Sena Madureira e Porto Valter;<\/p>\n\n\n\n<p class=\"wp-block-paragraph\">II &#8211; n\u00e3o se aplica \u00e0s \u201cNotifica\u00e7\u00f5es do ICMS e Termos de Apreens\u00e3o e Dep\u00f3sito\u201d emitidos pelos Postos Fiscais desta Secretaria.<\/p>\n\n\n\n<p class=\"wp-block-paragraph\">Art. 2\u00ba A prorroga\u00e7\u00e3o prevista nesta portaria n\u00e3o autoriza a restitui\u00e7\u00e3o ou a compensa\u00e7\u00e3o de import\u00e2ncias j\u00e1 recolhidas.<\/p>\n\n\n\n<p class=\"wp-block-paragraph\">Art. 3\u00ba Esta Portaria entra em vigor na data de sua publica\u00e7\u00e3o, produzin\u00addo efeitos a contar de 28 de julho de 2017.<\/p>\n\n\n\n<p class=\"wp-block-paragraph\">Rio Branco &#8211; Acre, 2 de agosto de 2017.<\/p>\n","protected":false},"excerpt":{"rendered":"<p>Disp\u00f5e sobre a prorroga\u00e7\u00e3o do prazo para pagamento de d\u00e9bitos do ICMS no caso que especifica.<\/p>\n","protected":false},"author":5,"featured_media":0,"comment_status":"closed","ping_status":"closed","sticky":false,"template":"","format":"standard","meta":{"_acf_changed":false,"footnotes":""},"categories":[3,33],"tags":[35],"class_list":["post-13619","post","type-post","status-publish","format-standard","hentry","category-legislacao","category-portarias","tag-icms"],"acf":[],"_links":{"self":[{"href":"https:\/\/sefaz.ac.gov.br\/2021\/index.php?rest_route=\/wp\/v2\/posts\/13619","targetHints":{"allow":["GET"]}}],"collection":[{"href":"https:\/\/sefaz.ac.gov.br\/2021\/index.php?rest_route=\/wp\/v2\/posts"}],"about":[{"href":"https:\/\/sefaz.ac.gov.br\/2021\/index.php?rest_route=\/wp\/v2\/types\/post"}],"author":[{"embeddable":true,"href":"https:\/\/sefaz.ac.gov.br\/2021\/index.php?rest_route=\/wp\/v2\/users\/5"}],"replies":[{"embeddable":true,"href":"https:\/\/sefaz.ac.gov.br\/2021\/index.php?rest_route=%2Fwp%2Fv2%2Fcomments&post=13619"}],"version-history":[{"count":0,"href":"https:\/\/sefaz.ac.gov.br\/2021\/index.php?rest_route=\/wp\/v2\/posts\/13619\/revisions"}],"wp:attachment":[{"href":"https:\/\/sefaz.ac.gov.br\/2021\/index.php?rest_route=%2Fwp%2Fv2%2Fmedia&parent=13619"}],"wp:term":[{"taxonomy":"category","embeddable":true,"href":"https:\/\/sefaz.ac.gov.br\/2021\/index.php?rest_route=%2Fwp%2Fv2%2Fcategories&post=13619"},{"taxonomy":"post_tag","embeddable":true,"href":"https:\/\/sefaz.ac.gov.br\/2021\/index.php?rest_route=%2Fwp%2Fv2%2Ftags&post=13619"}],"curies":[{"name":"wp","href":"https:\/\/api.w.org\/{rel}","templated":true}]}}