{"id":13616,"date":"2017-06-29T12:39:09","date_gmt":"2017-06-29T15:39:09","guid":{"rendered":"http:\/\/sefaz.acre.gov.br:80\/2021\/?p=13616"},"modified":"2025-03-18T12:21:17","modified_gmt":"2025-03-18T15:21:17","slug":"portaria-no-228-de-29-de-junho-de-2017","status":"publish","type":"post","link":"https:\/\/sefaz.ac.gov.br\/2021\/?p=13616","title":{"rendered":"PORTARIA N\u00ba 228, DE 29 DE JUNHO DE 2017"},"content":{"rendered":"\n<p class=\"wp-block-paragraph\"><strong>O SECRET\u00c1RIO DE ESTADO DA FAZENDA<\/strong>, no uso da atribui\u00e7\u00e3o que lhe confere o art. 25, III do Regimento Interno da Secretaria de Estado da Fazenda, aprovado pelo Decreto n.\u00ba 183, de 6 de outubro de 1975,<\/p>\n\n\n\n<p class=\"wp-block-paragraph\">Considerando o disposto no art. 518 do Decreto n\u00ba 008, de 26 de janeiro de 1998, que regulamenta o ICMS no Estado do Acre,<\/p>\n\n\n\n<p class=\"wp-block-paragraph\">Considerando que problemas t\u00e9cnicos comprometeram o envio da Declara\u00e7\u00e3o de Substitui\u00e7\u00e3o Tribut\u00e1ria, Diferencial de Al\u00edquotas e Antecipa\u00e7\u00e3o &#8211; DeSTDA,<\/p>\n\n\n\n<p class=\"wp-block-paragraph\"><strong>RESOLVE:<\/strong><\/p>\n\n\n\n<p class=\"wp-block-paragraph\">Art.1\u00ba Fica, em car\u00e1ter excepcional, prorrogado para o dia 28 de agosto de 2017 o prazo para o envio da Declara\u00e7\u00e3o de Substitui\u00e7\u00e3o Tribut\u00e1ria, Diferencial de Al\u00edquota e Antecipa\u00e7\u00e3o &#8211; DeSTDA, referente aos fatos geradores do per\u00edodo de janeiro a junho de 2017.<\/p>\n\n\n\n<p class=\"wp-block-paragraph\">Art. 2\u00ba Esta Portaria entrara em vigor na data de sua publica\u00e7\u00e3o.<\/p>\n\n\n\n<p class=\"wp-block-paragraph\">Rio Branco-Acre, 29 de junho de 2017.<\/p>\n","protected":false},"excerpt":{"rendered":"<p>Prorroga o prazo para envio da Declara\u00e7\u00e3o de Substitui\u00e7\u00e3o Tribut\u00e1ria, Diferencial de Al\u00edquota e Antecipa\u00e7\u00e3o &#8211; DeSTDA referente aos fatos gera\u00acdores do per\u00edodo de janeiro a junho de 2017.<\/p>\n","protected":false},"author":5,"featured_media":0,"comment_status":"closed","ping_status":"closed","sticky":false,"template":"","format":"standard","meta":{"_acf_changed":false,"footnotes":""},"categories":[3,33],"tags":[93,35],"class_list":["post-13616","post","type-post","status-publish","format-standard","hentry","category-legislacao","category-portarias","tag-destda","tag-icms"],"acf":[],"_links":{"self":[{"href":"https:\/\/sefaz.ac.gov.br\/2021\/index.php?rest_route=\/wp\/v2\/posts\/13616","targetHints":{"allow":["GET"]}}],"collection":[{"href":"https:\/\/sefaz.ac.gov.br\/2021\/index.php?rest_route=\/wp\/v2\/posts"}],"about":[{"href":"https:\/\/sefaz.ac.gov.br\/2021\/index.php?rest_route=\/wp\/v2\/types\/post"}],"author":[{"embeddable":true,"href":"https:\/\/sefaz.ac.gov.br\/2021\/index.php?rest_route=\/wp\/v2\/users\/5"}],"replies":[{"embeddable":true,"href":"https:\/\/sefaz.ac.gov.br\/2021\/index.php?rest_route=%2Fwp%2Fv2%2Fcomments&post=13616"}],"version-history":[{"count":2,"href":"https:\/\/sefaz.ac.gov.br\/2021\/index.php?rest_route=\/wp\/v2\/posts\/13616\/revisions"}],"predecessor-version":[{"id":21852,"href":"https:\/\/sefaz.ac.gov.br\/2021\/index.php?rest_route=\/wp\/v2\/posts\/13616\/revisions\/21852"}],"wp:attachment":[{"href":"https:\/\/sefaz.ac.gov.br\/2021\/index.php?rest_route=%2Fwp%2Fv2%2Fmedia&parent=13616"}],"wp:term":[{"taxonomy":"category","embeddable":true,"href":"https:\/\/sefaz.ac.gov.br\/2021\/index.php?rest_route=%2Fwp%2Fv2%2Fcategories&post=13616"},{"taxonomy":"post_tag","embeddable":true,"href":"https:\/\/sefaz.ac.gov.br\/2021\/index.php?rest_route=%2Fwp%2Fv2%2Ftags&post=13616"}],"curies":[{"name":"wp","href":"https:\/\/api.w.org\/{rel}","templated":true}]}}