{"id":13591,"date":"2017-06-08T12:34:19","date_gmt":"2017-06-08T15:34:19","guid":{"rendered":"http:\/\/sefaz.acre.gov.br:80\/2021\/?p=13591"},"modified":"2023-04-28T11:38:15","modified_gmt":"2023-04-28T14:38:15","slug":"portaria-no-204-de-8-de-junho-de-2017","status":"publish","type":"post","link":"https:\/\/sefaz.ac.gov.br\/2021\/?p=13591","title":{"rendered":"PORTARIA N\u00ba 204, DE 8 DE JUNHO DE 2017"},"content":{"rendered":"\n<p class=\"wp-block-paragraph\"><strong>A SECRET\u00c1RIA DE ESTADO DA FAZENDA<\/strong>, em exerc\u00edcio, no uso de suas atribui\u00e7\u00f5es legais, que lhe confere a Portaria n\u00ba 195, de 6 de junho de 2017; e<\/p>\n\n\n\n<p class=\"wp-block-paragraph\">Considerando o art. 65, II do Regimento Interno da Secretaria de Estado da Fazenda, aprovado pelo Decreto n.\u00ba 183, de 6 de outubro de 1975;<\/p>\n\n\n\n<p class=\"wp-block-paragraph\">Considerando o art. 519 do Regulamento do ICMS do Estado do Acre, aprovado pelo Decreto n\u00ba 008, de 26 de janeiro de 1998;<\/p>\n\n\n\n<p class=\"wp-block-paragraph\">Considerando o inciso II do art. 97-B do RICMS\/AC, aprovado pelo Decreto 008, de 26 de janeiro de 1998;<\/p>\n\n\n\n<p class=\"wp-block-paragraph\"><strong>RESOLVE:<\/strong><\/p>\n\n\n\n<p class=\"wp-block-paragraph\">Art. 1\u00ba Esta Portaria estabelece o modelo do termo de acordo e os procedimentos para a concess\u00e3o do regime especial previsto no inciso II do art. 97-B do RICMS\/AC.<\/p>\n\n\n\n<p class=\"wp-block-paragraph\">Art. 2\u00ba &nbsp;O contribuinte do ICMS benefici\u00e1rio do programa da Lei 1.358, de 29 de dezembro de 2000, poder\u00e1 requerer a celebra\u00e7\u00e3o de termo de acordo de regime especial para:<\/p>\n\n\n\n<p class=\"wp-block-paragraph\">I &#8211; a dispensa da exig\u00eancia da antecipa\u00e7\u00e3o do diferencial de al\u00edquotas nas aquisi\u00e7\u00f5es de insumos, mat\u00e9rias primas, embalagens, materiais intermedi\u00e1rios e secund\u00e1rios, destinados ao processo de industrializa\u00e7\u00e3o;<\/p>\n\n\n\n<p class=\"wp-block-paragraph\">II &#8211; a apura\u00e7\u00e3o do ICMS a que se referem os arts. 96, 97 e 97-A, do RICMS\/AC, mediante registro na Escritura\u00e7\u00e3o Fiscal Digital &#8211; EFD.<\/p>\n\n\n\n<p class=\"wp-block-paragraph\">Art. 3\u00ba &nbsp;O pedido de regime especial dever\u00e1 ser protocolado na Ag\u00eancia de domic\u00edlio do contribuinte, instru\u00eddo com os seguintes documentos:<\/p>\n\n\n\n<p class=\"wp-block-paragraph\">I &#8211; requerimento do interessado;<\/p>\n\n\n\n<p class=\"wp-block-paragraph\">II &#8211; comprovante de pagamento da taxa de expediente;<\/p>\n\n\n\n<p class=\"wp-block-paragraph\">III &#8211; certid\u00e3o negativa de d\u00e9bitos estaduais;<\/p>\n\n\n\n<p class=\"wp-block-paragraph\">IV &#8211; rela\u00e7\u00e3o comparativa de entradas e sa\u00eddas dos \u00faltimos doze meses, exclu\u00eddas as opera\u00e7\u00f5es e presta\u00e7\u00f5es com ativo imobilizado, conforme o Anexo I;<\/p>\n\n\n\n<p class=\"wp-block-paragraph\">V &#8211; rela\u00e7\u00e3o comparativa das sa\u00eddas de produtos industrializados no estabelecimento em rela\u00e7\u00e3o \u00e0s sa\u00eddas totais referente aos \u00faltimos doze meses, conforme o Anexo II;<\/p>\n\n\n\n<p class=\"wp-block-paragraph\">VI &#8211; declara\u00e7\u00e3o de que as sa\u00eddas de produtos resultantes da atividade industrial de acondicionamento ou montagem n\u00e3o superam a dez por cento do total de sa\u00eddas verificadas nos \u00faltimos doze meses, conforme Anexo III;<\/p>\n\n\n\n<p class=\"wp-block-paragraph\">VII &#8211; Termo de Acordo, conforme o Anexo IV.<\/p>\n\n\n\n<p class=\"wp-block-paragraph\">Par\u00e1grafo \u00fanico. O Termo de Acordo vigorar\u00e1 a partir do primeiro dia do m\u00eas subsequente \u00e0 sua assinatura pela Diretoria de Administra\u00e7\u00e3o Tribut\u00e1ria e pelo benefici\u00e1rio, salvo no caso de o contribuinte protocolar pedido at\u00e9 o dia 15 de junho de 2017, caso em que retroagir\u00e1 os efeitos a primeiro de junho de 2017.<\/p>\n\n\n\n<p class=\"wp-block-paragraph\">&nbsp;Art. 4\u00ba &nbsp;O benefici\u00e1rio do regime especial apurar\u00e1 a antecipa\u00e7\u00e3o prevista nos arts. 96, 97 e 97-A do RICMS\/AC, quando exig\u00edvel, na Escritura\u00e7\u00e3o Fiscal Digital do m\u00eas de refer\u00eancia como d\u00e9bito especial, extra-apura\u00e7\u00e3o, no campo 15 do registro E110 ou E210 preenchendo os registros C195, C197, D195 e D197 da Tabela 5.3 do Ato COTEPE\/ICMS 9\/08, de acordo com os c\u00f3digos de ajustes definidos na Portaria 565, de 29 de novembro de 2016, conforme o caso:<\/p>\n\n\n\n<figure class=\"wp-block-table\"><table><tbody><tr><td>AC70000001<\/td><td>D\u00e9bito especial; opera\u00e7\u00e3o pr\u00f3pria; responsabilidade pr\u00f3pria; ICMS a apurar; Mercadoria; ICMS diferencial de al\u00edquotas &#8211; aquisi\u00e7\u00e3o de bens do ativo imobilizado<\/td><\/tr><tr><td>AC70000002<\/td><td>D\u00e9bito especial; opera\u00e7\u00e3o pr\u00f3pria; responsabilidade pr\u00f3pria; ICMS a apurar; Mercadoria; ICMS diferencial de al\u00edquotas &#8211; aquisi\u00e7\u00e3o de material de uso e consumo<\/td><\/tr><tr><td>AC70000004<\/td><td>D\u00e9bito especial; opera\u00e7\u00e3o pr\u00f3pria; responsabilidade pr\u00f3pria; ICMS a apurar; Mercadoria; Antecipa\u00e7\u00e3o parcial apura\u00e7\u00e3o por regime especial (RICMS, art. 96)<\/td><\/tr><tr><td>AC71000002<\/td><td>D\u00e9bito especial; opera\u00e7\u00e3o ST; responsabilidade pr\u00f3pria; ICMS a apurar; Mercadoria; ICMS ST n\u00e3o retida no estado de origem apura\u00e7\u00e3o por regime especial (RICMS, art. 97-A)<\/td><\/tr><tr><td>AC71000003<\/td><td>D\u00e9bito especial; opera\u00e7\u00e3o ST; responsabilidade pr\u00f3pria; ICMS a apurar; Mercadoria; Antecipa\u00e7\u00e3o do Diferencial de Al\u00edquota de entrada em opera\u00e7\u00e3o interestadual de produto da cesta b\u00e1sica, apura\u00e7\u00e3o por regime especial (RICMS, art. 97)<\/td><\/tr><\/tbody><\/table><\/figure>\n\n\n\n<p class=\"wp-block-paragraph\">Par\u00e1grafo \u00fanico. &nbsp;O imposto apurado na forma do <em>caput<\/em> dever\u00e1 ser recolhido at\u00e9 o dia 20 do m\u00eas subsequente, nos termos da al\u00ednea \u201cf\u201d do inciso IV do art. 93 do RICMS\/AC, utilizando os seguintes c\u00f3digos de receita:<\/p>\n\n\n\n<figure class=\"wp-block-table\"><table><tbody><tr><td>1620<\/td><td>ICMS Antecipa\u00e7\u00e3o Parcial<\/td><\/tr><tr><td>1632<\/td><td>ICMS Substitui\u00e7\u00e3o Tribut\u00e1ria na Entrada<\/td><\/tr><tr><td>1640<\/td><td>ICMS Antecipa\u00e7\u00e3o Cesta B\u00e1sica<\/td><\/tr><tr><td>1641<\/td><td>ICMS Dif. de Al\u00edquotas Uso e Consumo<\/td><\/tr><tr><td>1642<\/td><td>ICMS Dif. de Al\u00edquotas Ativo Imobilizado<\/td><\/tr><\/tbody><\/table><\/figure>\n\n\n\n<p class=\"wp-block-paragraph\">Art. 5\u00ba &nbsp;Esta Portaria entra em vigor na data da sua publica\u00e7\u00e3o.<\/p>\n\n\n\n<p class=\"wp-block-paragraph\">Rio Branco &#8211; Acre, 8 de junho de 2017.<\/p>\n","protected":false},"excerpt":{"rendered":"<p>Estabelece o modelo do termo de acordo e os procedimentos para a concess\u00e3o do regime especial previsto no inciso II do art. 97-B do RICMS\/AC<\/p>\n","protected":false},"author":5,"featured_media":0,"comment_status":"closed","ping_status":"closed","sticky":false,"template":"","format":"standard","meta":{"_acf_changed":false,"footnotes":""},"categories":[3,33],"tags":[35],"class_list":["post-13591","post","type-post","status-publish","format-standard","hentry","category-legislacao","category-portarias","tag-icms"],"acf":[],"_links":{"self":[{"href":"https:\/\/sefaz.ac.gov.br\/2021\/index.php?rest_route=\/wp\/v2\/posts\/13591","targetHints":{"allow":["GET"]}}],"collection":[{"href":"https:\/\/sefaz.ac.gov.br\/2021\/index.php?rest_route=\/wp\/v2\/posts"}],"about":[{"href":"https:\/\/sefaz.ac.gov.br\/2021\/index.php?rest_route=\/wp\/v2\/types\/post"}],"author":[{"embeddable":true,"href":"https:\/\/sefaz.ac.gov.br\/2021\/index.php?rest_route=\/wp\/v2\/users\/5"}],"replies":[{"embeddable":true,"href":"https:\/\/sefaz.ac.gov.br\/2021\/index.php?rest_route=%2Fwp%2Fv2%2Fcomments&post=13591"}],"version-history":[{"count":0,"href":"https:\/\/sefaz.ac.gov.br\/2021\/index.php?rest_route=\/wp\/v2\/posts\/13591\/revisions"}],"wp:attachment":[{"href":"https:\/\/sefaz.ac.gov.br\/2021\/index.php?rest_route=%2Fwp%2Fv2%2Fmedia&parent=13591"}],"wp:term":[{"taxonomy":"category","embeddable":true,"href":"https:\/\/sefaz.ac.gov.br\/2021\/index.php?rest_route=%2Fwp%2Fv2%2Fcategories&post=13591"},{"taxonomy":"post_tag","embeddable":true,"href":"https:\/\/sefaz.ac.gov.br\/2021\/index.php?rest_route=%2Fwp%2Fv2%2Ftags&post=13591"}],"curies":[{"name":"wp","href":"https:\/\/api.w.org\/{rel}","templated":true}]}}