{"id":13565,"date":"2017-05-19T12:22:19","date_gmt":"2017-05-19T15:22:19","guid":{"rendered":"http:\/\/sefaz.acre.gov.br:80\/2021\/?p=13565"},"modified":"2026-04-01T12:17:31","modified_gmt":"2026-04-01T15:17:31","slug":"portaria-no-168-de-19-de-maio-de-2017","status":"publish","type":"post","link":"https:\/\/sefaz.ac.gov.br\/2021\/?p=13565","title":{"rendered":"PORTARIA N\u00ba 168, DE 19 DE MAIO DE 2017"},"content":{"rendered":"\r\n<p class=\"wp-block-paragraph\"><strong>O SECRET\u00c1RIO DE ESTADO DA FAZENDA<\/strong>, no uso de suas atribui\u00e7\u00f5es legais, e tendo em vista o disposto no art. 65, do Regimento Interno da Secretaria de Estado da Fazenda, aprovado pelo Decreto n\u00ba 183, de 6 de outubro de 1975;<\/p>\r\n\r\n\r\n\r\n<p class=\"wp-block-paragraph\">Considerando o Ajuste SINIEF n.\u00ba 2, de 3 de abril de 2009 e o Ato Cotepe n\u00ba 09, de 18 de abril de 2008;<\/p>\r\n\r\n\r\n\r\n<p class=\"wp-block-paragraph\"><strong>RESOLVE:<\/strong><\/p>\r\n\r\n\r\n\r\n<p class=\"wp-block-paragraph\">Art. 1\u00ba A<a href=\"https:\/\/sefaz.ac.gov.br\/2021\/?p=11663\" target=\"_blank\" rel=\"noreferrer noopener\"> Portaria n\u00ba 565, de 29 de novembro de 2016<\/a>, passa a vigorar com as seguintes altera\u00e7\u00f5es:<\/p>\r\n\r\n\r\n\r\n<blockquote class=\"wp-block-quote is-layout-flow wp-block-quote-is-layout-flow\">\r\n<p class=\"wp-block-paragraph\">\u201cArt. 1\u00ba Os arquivos da Escritura\u00e7\u00e3o Fiscal Digital &#8211; EFD ser\u00e3o apresentados com observ\u00e2ncia das especifica\u00e7\u00f5es contidas no Ato Cotepe n\u00ba 09, de 18 de abril de 2008, das regras estabelecidas no Guia Pr\u00e1tico da EFD, do disposto nessa Portaria e nas orienta\u00e7\u00f5es complementares estabelecidas no Manual de Orienta\u00e7\u00f5es da Escritura\u00e7\u00e3o Fiscal Digital para Contribuintes do Estado de Acre, a ser disponibilizado pela Administra\u00e7\u00e3o Tribut\u00e1ria mediante instru\u00e7\u00e3o normativa.\u201d (NR)<\/p>\r\n\r\n\r\n\r\n<p class=\"wp-block-paragraph\">&#8230;<\/p>\r\n\r\n\r\n\r\n<p class=\"wp-block-paragraph\">\u201cArt. 3\u00ba&#8230;<\/p>\r\n\r\n\r\n\r\n<p class=\"wp-block-paragraph\">\u00a0&#8230;<\/p>\r\n\r\n\r\n\r\n<p class=\"wp-block-paragraph\">\u00a7 1\u00ba&#8230;<\/p>\r\n\r\n\r\n\r\n<p class=\"wp-block-paragraph\">\u00a0&#8230;<\/p>\r\n\r\n\r\n\r\n<p class=\"wp-block-paragraph\">II &#8211; com rela\u00e7\u00e3o aos c\u00f3digos iniciados com \u201cAC10\u201d, pelos benefici\u00e1rios do Programa de Incentivo de que trata a Lei 1.358, de 29 de dezembro 2000 (COPIAI), e da Lei 2.445, de 8 de agosto de 2011 (Programa de incentivo a atividade sucroalcooleira).\u201d (NR)<\/p>\r\n<\/blockquote>\r\n\r\n\r\n\r\n<p class=\"wp-block-paragraph\">Art. 2\u00ba Os Anexos II e III da Portaria n\u00ba 565, de 29 de novembro de 2016, passam a vigorar com as seguintes altera\u00e7\u00f5es:<\/p>\r\n\r\n\r\n\r\n<blockquote class=\"wp-block-quote is-layout-flow wp-block-quote-is-layout-flow\">\r\n<p class=\"has-text-align-center wp-block-paragraph\">\u201c<strong>ANEXO II<\/strong><\/p>\r\n\r\n\r\n\r\n<figure class=\"wp-block-table\">\r\n<table>\r\n<tbody>\r\n<tr>\r\n<td colspan=\"4\">\u00a0 <strong>TABELA 5.2<\/strong> <strong>TABELA DE INFORMA\u00c7\u00d5ES ADICIONAIS DA APURA\u00c7\u00c3O<\/strong> \u00a0<\/td>\r\n<\/tr>\r\n<tr>\r\n<td>C\u00d3DIGO DA INFORMA\u00c7\u00c3O ADICIONAL<\/td>\r\n<td>DESCRI\u00c7\u00c3O DA INFORMA\u00c7\u00c3O ADICIONAL<\/td>\r\n<td>DATA DE IN\u00cdCIO<\/td>\r\n<td>DATA DE FIM<\/td>\r\n<\/tr>\r\n<tr>\r\n<td>&#8230;<\/td>\r\n<td>&#8230;<\/td>\r\n<td>&#8230;<\/td>\r\n<td>&#8230;<\/td>\r\n<\/tr>\r\n<tr>\r\n<td>AC000029<\/td>\r\n<td>Total das sa\u00eddas de subprodutos comest\u00edveis no per\u00edodo de apura\u00e7\u00e3o (em R$)<\/td>\r\n<td>01\/12\/2016<\/td>\r\n<td>\u00a030\/05\/2017<\/td>\r\n<\/tr>\r\n<tr>\r\n<td>AC000030<\/td>\r\n<td>Total das sa\u00eddas de couro no per\u00edodo de apura\u00e7\u00e3o (em R$)<\/td>\r\n<td>01\/12\/2016<\/td>\r\n<td>\u00a030\/05\/2017<\/td>\r\n<\/tr>\r\n<tr>\r\n<td>AC000031<\/td>\r\n<td>Total das sa\u00eddas de outros produtos n\u00e3o comest\u00edveis no per\u00edodo de apura\u00e7\u00e3o (em R$)<\/td>\r\n<td>01\/12\/2016<\/td>\r\n<td>\u00a030\/05\/2017\u00a0<\/td>\r\n<\/tr>\r\n<tr>\r\n<td>&#8230;<\/td>\r\n<td>&#8230;<\/td>\r\n<td>&#8230;<\/td>\r\n<td>\u00a0<\/td>\r\n<\/tr>\r\n<\/tbody>\r\n<\/table>\r\n<\/figure>\r\n\r\n\r\n\r\n<p class=\"has-text-align-center wp-block-paragraph\"><strong>ANEXO III<\/strong><\/p>\r\n\r\n\r\n\r\n<figure class=\"wp-block-table\">\r\n<table>\r\n<tbody>\r\n<tr>\r\n<td colspan=\"4\"><strong>TABELA 5.3<\/strong> <strong>TABELA DE AJUSTES E INFORMA\u00c7\u00d5ES DE VALORES PROVENIENTES DE DOCUMENTOS FISCAIS<\/strong><\/td>\r\n<\/tr>\r\n<tr>\r\n<td>C\u00d3DIGO DO AJUSTE<\/td>\r\n<td>DESCRI\u00c7\u00c3O DO AJUSTE<\/td>\r\n<td>DATA DE IN\u00cdCIO<\/td>\r\n<td>DATA DE FIM<\/td>\r\n<\/tr>\r\n<tr>\r\n<td>&#8230;<\/td>\r\n<td>&#8230;<\/td>\r\n<td>&#8230;<\/td>\r\n<td>\u00a0<\/td>\r\n<\/tr>\r\n<tr>\r\n<td>AC99990001<\/td>\r\n<td>&#8230;<\/td>\r\n<td>&#8230;<\/td>\r\n<td>\u00a0<\/td>\r\n<\/tr>\r\n<tr>\r\n<td>AC99990002<\/td>\r\n<td>Informativo, ICMS pass\u00edvel de financiamento da Lei 2.445\/2011<\/td>\r\n<td>01\/05\/2017<\/td>\r\n<td>\u00a0<\/td>\r\n<\/tr>\r\n<\/tbody>\r\n<\/table>\r\n<\/figure>\r\n\r\n\r\n\r\n<p class=\"wp-block-paragraph\">(NR)\u201d<\/p>\r\n<\/blockquote>\r\n\r\n\r\n\r\n<p class=\"wp-block-paragraph\">Art. 3\u00ba Os anexos I, II, III e IV da Portaria n\u00ba 565, de 29 de novembro de 2016, passam a vigorar com os seguintes acr\u00e9scimos:<\/p>\r\n\r\n\r\n\r\n<blockquote class=\"wp-block-quote is-layout-flow wp-block-quote-is-layout-flow\">\r\n<p class=\"has-text-align-center wp-block-paragraph\"><strong>\u201cANEXO I<\/strong><\/p>\r\n\r\n\r\n\r\n<figure class=\"wp-block-table\">\r\n<table>\r\n<tbody>\r\n<tr>\r\n<td colspan=\"4\"><strong>\u00a0TABELA 5.1.1<\/strong> <strong>TABELA DE AJUSTES DOS SALDOS DA APURA\u00c7\u00c3O DO ICMS<\/strong><\/td>\r\n<\/tr>\r\n<tr>\r\n<td>C\u00d3DIGO DO AJUSTE<\/td>\r\n<td>DESCRI\u00c7\u00c3O DO AJUSTE<\/td>\r\n<td>DATA DE IN\u00cdCIO<\/td>\r\n<td>DATA DE FIM<\/td>\r\n<\/tr>\r\n<tr>\r\n<td>&#8230;<\/td>\r\n<td>&#8230;<\/td>\r\n<td>&#8230;<\/td>\r\n<td>&#8230;<\/td>\r\n<\/tr>\r\n<tr>\r\n<td>AC050003<\/td>\r\n<td>Apura\u00e7\u00e3o do ICMS; D\u00e9bito Especial, Dep\u00f3sito ao FEFAC relativo a 10% do incentivo ou benef\u00edcio utilizado no per\u00edodo (Lei 3.216\/2016, Art. 3\u00ba, \u00a7 1\u00ba)<\/td>\r\n<td>01\/05\/2017<\/td>\r\n<td>&#8230;<\/td>\r\n<\/tr>\r\n<\/tbody>\r\n<\/table>\r\n<\/figure>\r\n\r\n\r\n\r\n<p class=\"has-text-align-center wp-block-paragraph\"><strong>ANEXO II<\/strong><\/p>\r\n\r\n\r\n\r\n<figure class=\"wp-block-table\">\r\n<table>\r\n<tbody>\r\n<tr>\r\n<td colspan=\"4\"><strong>TABELA 5.2<\/strong> <strong>TABELA DE INFORMA\u00c7\u00d5ES ADICIONAIS DA APURA\u00c7\u00c3O<\/strong> \u00a0<\/td>\r\n<\/tr>\r\n<tr>\r\n<td>C\u00d3DIGO DA INFORMA\u00c7\u00c3O ADICIONAL<\/td>\r\n<td>DESCRI\u00c7\u00c3O DA INFORMA\u00c7\u00c3O ADICIONAL<\/td>\r\n<td>DATA DE IN\u00cdCIO<\/td>\r\n<td>DATA DE FIM<\/td>\r\n<\/tr>\r\n<tr>\r\n<td>&#8230;<\/td>\r\n<td>&#8230;<\/td>\r\n<td>&#8230;<\/td>\r\n<td>\u00a0<\/td>\r\n<\/tr>\r\n<tr>\r\n<td>AC200029<\/td>\r\n<td>Total das sa\u00eddas de subprodutos comest\u00edveis no per\u00edodo de apura\u00e7\u00e3o (em R$)<\/td>\r\n<td>01\/05\/2017<\/td>\r\n<td>\u00a0<\/td>\r\n<\/tr>\r\n<tr>\r\n<td>AC200030<\/td>\r\n<td>Total das sa\u00eddas de couro no per\u00edodo de apura\u00e7\u00e3o (em R$)<\/td>\r\n<td>01\/05\/2017<\/td>\r\n<td>\u00a0<\/td>\r\n<\/tr>\r\n<tr>\r\n<td>AC200031<\/td>\r\n<td>Total das sa\u00eddas de outros produtos n\u00e3o comest\u00edveis no per\u00edodo de apura\u00e7\u00e3o (em R$)<\/td>\r\n<td>01\/05\/2017<\/td>\r\n<td>\u00a0<\/td>\r\n<\/tr>\r\n<\/tbody>\r\n<\/table>\r\n<\/figure>\r\n\r\n\r\n\r\n<p class=\"has-text-align-center wp-block-paragraph\"><strong>ANEXO III<\/strong><\/p>\r\n\r\n\r\n\r\n<figure class=\"wp-block-table\">\r\n<table>\r\n<tbody>\r\n<tr>\r\n<td colspan=\"4\"><strong>TABELA 5.3<\/strong> <strong>TABELA DE AJUSTES E INFORMA\u00c7\u00d5ES DE VALORES PROVENIENTES DE DOCUMENTOS FISCAIS<\/strong><\/td>\r\n<\/tr>\r\n<tr>\r\n<td>C\u00d3DIGO DO AJUSTE<\/td>\r\n<td>DESCRI\u00c7\u00c3O DO AJUSTE<\/td>\r\n<td>DATA DE IN\u00cdCIO<\/td>\r\n<td>DATA DE FIM<\/td>\r\n<\/tr>\r\n<tr>\r\n<td>&#8230;<\/td>\r\n<td>&#8230;<\/td>\r\n<td>&#8230;<\/td>\r\n<td>\u00a0<\/td>\r\n<\/tr>\r\n<tr>\r\n<td>\u00a0 \u00a0 \u00a0 AC10000005<\/td>\r\n<td>Outros cr\u00e9ditos; opera\u00e7\u00e3o pr\u00f3pria; responsabilidade pr\u00f3pria; ICMS a apurar; Mercadoria; Outros cr\u00e9ditos; opera\u00e7\u00e3o pr\u00f3pria; responsabilidade pr\u00f3pria; ICMS a apurar; Cr\u00e9dito presumido conforme o inciso I, \u00a7 2\u00ba, do art. 1\u00ba, do Decreto 15.085\/06<\/td>\r\n<td>\u00a0 \u00a0 01\/05\/2017<\/td>\r\n<td>\u00a0<\/td>\r\n<\/tr>\r\n<tr>\r\n<td>\u00a0 \u00a0 \u00a0 AC10000006<\/td>\r\n<td>Outros cr\u00e9ditos; opera\u00e7\u00e3o pr\u00f3pria; responsabilidade pr\u00f3pria; ICMS a apurar; Mercadoria; Outros cr\u00e9ditos; opera\u00e7\u00e3o pr\u00f3pria; responsabilidade pr\u00f3pria; ICMS a apurar; Cr\u00e9dito presumido conforme o Art. 1\u00ba, \u00a7 2\u00ba, inciso II do Decreto 15.085\/06<\/td>\r\n<td>\u00a0 \u00a0 01\/05\/2017<\/td>\r\n<td>\u00a0<\/td>\r\n<\/tr>\r\n<tr>\r\n<td>\u00a0 \u00a0 \u00a0 AC10000007<\/td>\r\n<td>Outros cr\u00e9ditos; opera\u00e7\u00e3o pr\u00f3pria; responsabilidade pr\u00f3pria; ICMS a apurar; Mercadoria; Outros cr\u00e9ditos;opera\u00e7\u00e3o pr\u00f3pria; responsabilidade pr\u00f3pria; ICMS a apurar; Cr\u00e9dito presumido conforme o Art. 1\u00ba, \u00a7 2\u00ba, inciso III, do Decreto 15.085\/06<\/td>\r\n<td>\u00a0 \u00a0 \u00a0 01\/05\/2017<\/td>\r\n<td>\u00a0<\/td>\r\n<\/tr>\r\n<tr>\r\n<td>\u00a0 \u00a0 AC10000008<\/td>\r\n<td>Outros cr\u00e9ditos; opera\u00e7\u00e3o pr\u00f3pria; responsabilidade pr\u00f3pria; ICMS a apurar; Mercadoria; Outros cr\u00e9ditos; opera\u00e7\u00e3o pr\u00f3pria; responsabilidade pr\u00f3pria; ICMS a apurar; Cr\u00e9dito presumido conforme o Art. 1\u00ba, \u00a7 2\u00ba, inciso IV, do Decreto 15.085\/06<\/td>\r\n<td>\u00a0 \u00a0 01\/05\/2017<\/td>\r\n<td>\u00a0<\/td>\r\n<\/tr>\r\n<\/tbody>\r\n<\/table>\r\n<\/figure>\r\n\r\n\r\n\r\n<p class=\"has-text-align-center wp-block-paragraph\"><strong>ANEXO IV<\/strong><\/p>\r\n\r\n\r\n\r\n<figure class=\"wp-block-table\">\r\n<table>\r\n<tbody>\r\n<tr>\r\n<td colspan=\"4\"><strong>TABELA DE C\u00d3DIGOS DE RECEITA<\/strong><\/td>\r\n<\/tr>\r\n<tr>\r\n<td>C\u00d3DIGO DE RECEITA<\/td>\r\n<td>DESCRI\u00c7\u00c3O DO C\u00d3DIGO DE RECEITA<\/td>\r\n<td>DATA DE IN\u00cdCIO<\/td>\r\n<td>DATA DE FIM<\/td>\r\n<\/tr>\r\n<tr>\r\n<td>5110<\/td>\r\n<td>Dep\u00f3sito ao FEFAC<\/td>\r\n<td>01\/05\/2017<\/td>\r\n<td>\u00a0<\/td>\r\n<\/tr>\r\n<\/tbody>\r\n<\/table>\r\n<\/figure>\r\n\r\n\r\n\r\n<p class=\"wp-block-paragraph\">(AC)\u201d<\/p>\r\n<\/blockquote>\r\n\r\n\r\n\r\n<p class=\"wp-block-paragraph\">Art. 4\u00ba Esta Portaria entre em vigor na data de sua publica\u00e7\u00e3o.<\/p>\r\n\r\n\r\n\r\n<p class=\"wp-block-paragraph\">Art. 5\u00ba Fica revogado o par\u00e1grafo \u00fanico do art. 2\u00ba da Portaria n\u00ba 565, de 29 de novembro de 2016.<\/p>\r\n\r\n\r\n\r\n<p class=\"wp-block-paragraph\">Rio Branco &#8211; Acre, 19 de maio de 2017.<\/p>\r\n","protected":false},"excerpt":{"rendered":"<p>Altera a Portaria n\u00ba 565, de 29 de novembro de  2016, que disp\u00f5e sobre os c\u00f3digos de ajustes e informa\u00e7\u00f5es obrigat\u00f3rias da Escritura\u00e7\u00e3o Fiscal Digital \u2013 EFD no Estado do Acre. <\/p>\n","protected":false},"author":5,"featured_media":0,"comment_status":"closed","ping_status":"closed","sticky":false,"template":"","format":"standard","meta":{"_acf_changed":false,"footnotes":""},"categories":[3,33],"tags":[72,35],"class_list":["post-13565","post","type-post","status-publish","format-standard","hentry","category-legislacao","category-portarias","tag-efd","tag-icms"],"acf":[],"_links":{"self":[{"href":"https:\/\/sefaz.ac.gov.br\/2021\/index.php?rest_route=\/wp\/v2\/posts\/13565","targetHints":{"allow":["GET"]}}],"collection":[{"href":"https:\/\/sefaz.ac.gov.br\/2021\/index.php?rest_route=\/wp\/v2\/posts"}],"about":[{"href":"https:\/\/sefaz.ac.gov.br\/2021\/index.php?rest_route=\/wp\/v2\/types\/post"}],"author":[{"embeddable":true,"href":"https:\/\/sefaz.ac.gov.br\/2021\/index.php?rest_route=\/wp\/v2\/users\/5"}],"replies":[{"embeddable":true,"href":"https:\/\/sefaz.ac.gov.br\/2021\/index.php?rest_route=%2Fwp%2Fv2%2Fcomments&post=13565"}],"version-history":[{"count":1,"href":"https:\/\/sefaz.ac.gov.br\/2021\/index.php?rest_route=\/wp\/v2\/posts\/13565\/revisions"}],"predecessor-version":[{"id":24076,"href":"https:\/\/sefaz.ac.gov.br\/2021\/index.php?rest_route=\/wp\/v2\/posts\/13565\/revisions\/24076"}],"wp:attachment":[{"href":"https:\/\/sefaz.ac.gov.br\/2021\/index.php?rest_route=%2Fwp%2Fv2%2Fmedia&parent=13565"}],"wp:term":[{"taxonomy":"category","embeddable":true,"href":"https:\/\/sefaz.ac.gov.br\/2021\/index.php?rest_route=%2Fwp%2Fv2%2Fcategories&post=13565"},{"taxonomy":"post_tag","embeddable":true,"href":"https:\/\/sefaz.ac.gov.br\/2021\/index.php?rest_route=%2Fwp%2Fv2%2Ftags&post=13565"}],"curies":[{"name":"wp","href":"https:\/\/api.w.org\/{rel}","templated":true}]}}