{"id":13561,"date":"2017-04-27T12:17:22","date_gmt":"2017-04-27T15:17:22","guid":{"rendered":"http:\/\/sefaz.acre.gov.br:80\/2021\/?p=13561"},"modified":"2023-04-28T11:33:30","modified_gmt":"2023-04-28T14:33:30","slug":"portaria-no-139-de-27-de-abril-de-2017","status":"publish","type":"post","link":"https:\/\/sefaz.ac.gov.br\/2021\/?p=13561","title":{"rendered":"PORTARIA N\u00ba 139, DE 27 DE ABRIL DE 2017"},"content":{"rendered":"\n<p class=\"wp-block-paragraph\"><strong>O SECRET\u00c1RIO DE ESTADO DA FAZENDA<\/strong>, no uso da atribui\u00e7\u00e3o que lhe confere o art. 25, III do Regimento Interno da Secretaria de Estado da Fazenda, aprovado pelo Decreto n.\u00ba 183, de 6 de outubro de 1975,<\/p>\n\n\n\n<p class=\"wp-block-paragraph\">Considerando o disposto no art. 518 do Decreto n\u00ba 008, de 26 de janeiro de 1998, que regulamenta o ICMS no Estado do Acre,<\/p>\n\n\n\n<p class=\"wp-block-paragraph\">Considerando que problemas t\u00e9cnicos comprometeram o envio da Declara\u00e7\u00e3o de Substitui\u00e7\u00e3o Tribut\u00e1ria, Diferencial de Al\u00edquotas e Antecipa\u00e7\u00e3o &#8211; DeSTDA,<\/p>\n\n\n\n<p class=\"wp-block-paragraph\"><strong>RESOLVE:<\/strong><\/p>\n\n\n\n<p class=\"wp-block-paragraph\">Art.1\u00ba Fica, em car\u00e1ter excepcional, prorrogado para o dia 28 de junho de 2017, o prazo para o envio da Declara\u00e7\u00e3o de Substitui\u00e7\u00e3o Tribut\u00e1ria, Diferencial de Al\u00edquota e Antecipa\u00e7\u00e3o &#8211; DeSTDA, referente aos fatos geradores do per\u00edodo de janeiro a abril 2017, para fins de cumprimento do disposto no art.363-K, do Regulamento do ICMS, aprovado pelo Decreto 008\/98.<\/p>\n\n\n\n<p class=\"wp-block-paragraph\">Art. 2\u00ba Esta Portaria entrara em vigor na data de sua publica\u00e7\u00e3o.<\/p>\n\n\n\n<p class=\"wp-block-paragraph\">Rio Branco-Acre, 27 de abril de 2017.<\/p>\n","protected":false},"excerpt":{"rendered":"<p>Prorroga o prazo para envio da Declara\u00e7\u00e3o de Substitui\u00e7\u00e3o Tribut\u00e1ria, Diferencial de Al\u00edquota e Antecipa\u00e7\u00e3o &#8211; DeSTDA referente aos fatos geradores do per\u00edodo de janeiro a abril de 2017.<\/p>\n","protected":false},"author":5,"featured_media":0,"comment_status":"closed","ping_status":"closed","sticky":false,"template":"","format":"standard","meta":{"_acf_changed":false,"footnotes":""},"categories":[3,33],"tags":[93,35],"class_list":["post-13561","post","type-post","status-publish","format-standard","hentry","category-legislacao","category-portarias","tag-destda","tag-icms"],"acf":[],"_links":{"self":[{"href":"https:\/\/sefaz.ac.gov.br\/2021\/index.php?rest_route=\/wp\/v2\/posts\/13561","targetHints":{"allow":["GET"]}}],"collection":[{"href":"https:\/\/sefaz.ac.gov.br\/2021\/index.php?rest_route=\/wp\/v2\/posts"}],"about":[{"href":"https:\/\/sefaz.ac.gov.br\/2021\/index.php?rest_route=\/wp\/v2\/types\/post"}],"author":[{"embeddable":true,"href":"https:\/\/sefaz.ac.gov.br\/2021\/index.php?rest_route=\/wp\/v2\/users\/5"}],"replies":[{"embeddable":true,"href":"https:\/\/sefaz.ac.gov.br\/2021\/index.php?rest_route=%2Fwp%2Fv2%2Fcomments&post=13561"}],"version-history":[{"count":0,"href":"https:\/\/sefaz.ac.gov.br\/2021\/index.php?rest_route=\/wp\/v2\/posts\/13561\/revisions"}],"wp:attachment":[{"href":"https:\/\/sefaz.ac.gov.br\/2021\/index.php?rest_route=%2Fwp%2Fv2%2Fmedia&parent=13561"}],"wp:term":[{"taxonomy":"category","embeddable":true,"href":"https:\/\/sefaz.ac.gov.br\/2021\/index.php?rest_route=%2Fwp%2Fv2%2Fcategories&post=13561"},{"taxonomy":"post_tag","embeddable":true,"href":"https:\/\/sefaz.ac.gov.br\/2021\/index.php?rest_route=%2Fwp%2Fv2%2Ftags&post=13561"}],"curies":[{"name":"wp","href":"https:\/\/api.w.org\/{rel}","templated":true}]}}