{"id":13556,"date":"2017-04-07T12:14:16","date_gmt":"2017-04-07T15:14:16","guid":{"rendered":"http:\/\/sefaz.acre.gov.br:80\/2021\/?p=13556"},"modified":"2023-05-29T11:24:41","modified_gmt":"2023-05-29T14:24:41","slug":"portaria-no-118-de-7-de-abril-de-2017","status":"publish","type":"post","link":"https:\/\/sefaz.ac.gov.br\/2021\/?p=13556","title":{"rendered":"PORTARIA N\u00ba 118, DE 7 DE ABRIL DE 2017"},"content":{"rendered":"\n<p class=\"wp-block-paragraph\"><strong>O SECRET\u00c1RIO DE ESTADO DA FAZENDA<\/strong>, no uso das atribui\u00e7\u00f5es legais que lhe confere o Decreto n\u00ba 2.617, de 5 de junho de 2015; e<\/p>\n\n\n\n<p class=\"wp-block-paragraph\">Considerando o disposto na Lei n\u00ba 3.215, de 29 de dezembro de 2016, que institui a comunica\u00e7\u00e3o eletr\u00f4nica entre a Secretaria de Estado da Fazenda e o sujeito passivo de tributos estaduais;<\/p>\n\n\n\n<p class=\"wp-block-paragraph\">Considerando o art. 65, II, do Decreto n\u00ba 183, de 6 de outubro de 1975, que aprovou o Regimento Interno da Secretaria de Estado da Fazenda;<\/p>\n\n\n\n<p class=\"wp-block-paragraph\">Considerando o art. 519 do Regulamento do ICMS do Estado do Acre, aprovado pelo Decreto n\u00ba 008, de 26 de janeiro de 1998;<\/p>\n\n\n\n<p class=\"wp-block-paragraph\"><strong>RESOLVE:<\/strong><\/p>\n\n\n\n<p class=\"wp-block-paragraph\">Art. 1\u00ba Esta Portaria relaciona os estabelecimentos obrigados a utilizar a comunica\u00e7\u00e3o eletr\u00f4nica a partir de 1\u00ba de maio de 2017, na forma do inciso I do art. 3\u00ba da Lei n\u00ba 3.215, de 29 de dezembro de 2016.<\/p>\n\n\n\n<p class=\"wp-block-paragraph\">Art. 2\u00ba Os estabelecimentos relacionados no Anexo \u00danico desta Portaria, ficam credenciados, de of\u00edcio, para recep\u00e7\u00e3o de notifica\u00e7\u00f5es e intima\u00e7\u00f5es, ci\u00eancia de quaisquer atos administrativos ou avisos em geral, a serem veiculados por comunica\u00e7\u00e3o eletr\u00f4nica expedida pela Secretaria de Estado da Fazenda.<\/p>\n\n\n\n<p class=\"wp-block-paragraph\">Par\u00e1grafo \u00fanico. A comunica\u00e7\u00e3o eletr\u00f4nica ser\u00e1 operacionalizada atrav\u00e9s do Domic\u00edlio Eletr\u00f4nico do Contribuinte \u2013 DEC, dispon\u00edvel no endere\u00e7o \u201cwww.sefaznet.ac.gov\/sefazonline\u201d.<\/p>\n\n\n\n<p class=\"wp-block-paragraph\">Art. 3\u00ba Os estabelecimentos relacionados no Anexo \u00danico desta Portaria, poder\u00e3o impugnar a obrigatoriedade de utiliza\u00e7\u00e3o da comunica\u00e7\u00e3o eletr\u00f4nica no prazo de quinze dias, a contar da data de publica\u00e7\u00e3o desta Portaria no Di\u00e1rio Oficial do Estado.<\/p>\n\n\n\n<p class=\"wp-block-paragraph\">Art. 4\u00ba Esta Portaria entra em vigor na data de sua publica\u00e7\u00e3o.<\/p>\n\n\n\n<p class=\"wp-block-paragraph\">Rio Branco &#8211; Acre, 7 de abril de 2017.<\/p>\n","protected":false},"excerpt":{"rendered":"<p>Relaciona os contribuintes obrigados a utilizar a comunica\u00e7\u00e3o eletr\u00f4nica a partir de 1\u00ba de maio de 2017.<\/p>\n","protected":false},"author":5,"featured_media":0,"comment_status":"closed","ping_status":"closed","sticky":false,"template":"","format":"standard","meta":{"_acf_changed":false,"footnotes":""},"categories":[3,33],"tags":[91,35],"class_list":["post-13556","post","type-post","status-publish","format-standard","hentry","category-legislacao","category-portarias","tag-dec","tag-icms"],"acf":[],"_links":{"self":[{"href":"https:\/\/sefaz.ac.gov.br\/2021\/index.php?rest_route=\/wp\/v2\/posts\/13556","targetHints":{"allow":["GET"]}}],"collection":[{"href":"https:\/\/sefaz.ac.gov.br\/2021\/index.php?rest_route=\/wp\/v2\/posts"}],"about":[{"href":"https:\/\/sefaz.ac.gov.br\/2021\/index.php?rest_route=\/wp\/v2\/types\/post"}],"author":[{"embeddable":true,"href":"https:\/\/sefaz.ac.gov.br\/2021\/index.php?rest_route=\/wp\/v2\/users\/5"}],"replies":[{"embeddable":true,"href":"https:\/\/sefaz.ac.gov.br\/2021\/index.php?rest_route=%2Fwp%2Fv2%2Fcomments&post=13556"}],"version-history":[{"count":0,"href":"https:\/\/sefaz.ac.gov.br\/2021\/index.php?rest_route=\/wp\/v2\/posts\/13556\/revisions"}],"wp:attachment":[{"href":"https:\/\/sefaz.ac.gov.br\/2021\/index.php?rest_route=%2Fwp%2Fv2%2Fmedia&parent=13556"}],"wp:term":[{"taxonomy":"category","embeddable":true,"href":"https:\/\/sefaz.ac.gov.br\/2021\/index.php?rest_route=%2Fwp%2Fv2%2Fcategories&post=13556"},{"taxonomy":"post_tag","embeddable":true,"href":"https:\/\/sefaz.ac.gov.br\/2021\/index.php?rest_route=%2Fwp%2Fv2%2Ftags&post=13556"}],"curies":[{"name":"wp","href":"https:\/\/api.w.org\/{rel}","templated":true}]}}