{"id":13552,"date":"2017-03-21T12:08:54","date_gmt":"2017-03-21T15:08:54","guid":{"rendered":"http:\/\/sefaz.acre.gov.br:80\/2021\/?p=13552"},"modified":"2023-04-28T11:31:21","modified_gmt":"2023-04-28T14:31:21","slug":"portaria-no-093-de-21-de-marco-de-2017","status":"publish","type":"post","link":"https:\/\/sefaz.ac.gov.br\/2021\/?p=13552","title":{"rendered":"PORTARIA N\u00ba 093, DE 21 DE MAR\u00c7O DE 2017"},"content":{"rendered":"\n<p class=\"wp-block-paragraph\"><strong>O SECRET\u00c1RIO DE ESTADO DA FAZENDA<\/strong>, no uso da atribui\u00e7\u00e3o que lhe confere o art. 25, III do Regimento Interno da Secretaria de Estado da Fazenda, aprovado pelo Decreto n.\u00ba 183, de 6 de outubro de 1975,<\/p>\n\n\n\n<p class=\"wp-block-paragraph\">Considerando o disposto no art. 518 do Decreto n\u00ba 008, de 26 de janeiro de 1998, que regulamenta o ICMS no Estado do Acre,<\/p>\n\n\n\n<p class=\"wp-block-paragraph\">Considerando que problemas t\u00e9cnicos comprometeram o envio da Declara\u00e7\u00e3o de Substitui\u00e7\u00e3o Tribut\u00e1ria, Diferencial de Al\u00edquotas e Antecipa\u00e7\u00e3o &#8211; DeSTDA,<\/p>\n\n\n\n<p class=\"wp-block-paragraph\"><strong>RESOLVE:<\/strong><\/p>\n\n\n\n<p class=\"wp-block-paragraph\">Art.1\u00ba &nbsp;Fica, em car\u00e1ter excepcional, prorrogado para o dia 28 de abril de 2017, o prazo para o envio da Declara\u00e7\u00e3o de Substitui\u00e7\u00e3o Tribut\u00e1ria, Diferencial de Al\u00edquota e Antecipa\u00e7\u00e3o &#8211; DeSTDA, referente aos fatos geradores do m\u00eas de janeiro e fevereiro 2017, para fins de cumprimento do disposto no art.363-K, do Regulamento do ICMS, aprovado pelo Decreto 008.<\/p>\n\n\n\n<p class=\"wp-block-paragraph\">Art. 2\u00ba &nbsp;Esta Portaria entrara em vigor na data de sua publica\u00e7\u00e3o.<\/p>\n\n\n\n<p class=\"wp-block-paragraph\">Rio Branco-Acre, 21 de mar\u00e7o de 2017.<\/p>\n","protected":false},"excerpt":{"rendered":"<p>Prorroga o prazo para envio da Declara\u00e7\u00e3o de Substitui\u00e7\u00e3o Tribut\u00e1ria, Diferencial de Al\u00edquota e Antecipa\u00e7\u00e3o &#8211; DeSTDA referente aos fatos gera\u00acdores do m\u00eas de janeiro e fevereiro 2017.<\/p>\n","protected":false},"author":5,"featured_media":0,"comment_status":"closed","ping_status":"closed","sticky":false,"template":"","format":"standard","meta":{"_acf_changed":false,"footnotes":""},"categories":[3,33],"tags":[93,35],"class_list":["post-13552","post","type-post","status-publish","format-standard","hentry","category-legislacao","category-portarias","tag-destda","tag-icms"],"acf":[],"_links":{"self":[{"href":"https:\/\/sefaz.ac.gov.br\/2021\/index.php?rest_route=\/wp\/v2\/posts\/13552","targetHints":{"allow":["GET"]}}],"collection":[{"href":"https:\/\/sefaz.ac.gov.br\/2021\/index.php?rest_route=\/wp\/v2\/posts"}],"about":[{"href":"https:\/\/sefaz.ac.gov.br\/2021\/index.php?rest_route=\/wp\/v2\/types\/post"}],"author":[{"embeddable":true,"href":"https:\/\/sefaz.ac.gov.br\/2021\/index.php?rest_route=\/wp\/v2\/users\/5"}],"replies":[{"embeddable":true,"href":"https:\/\/sefaz.ac.gov.br\/2021\/index.php?rest_route=%2Fwp%2Fv2%2Fcomments&post=13552"}],"version-history":[{"count":0,"href":"https:\/\/sefaz.ac.gov.br\/2021\/index.php?rest_route=\/wp\/v2\/posts\/13552\/revisions"}],"wp:attachment":[{"href":"https:\/\/sefaz.ac.gov.br\/2021\/index.php?rest_route=%2Fwp%2Fv2%2Fmedia&parent=13552"}],"wp:term":[{"taxonomy":"category","embeddable":true,"href":"https:\/\/sefaz.ac.gov.br\/2021\/index.php?rest_route=%2Fwp%2Fv2%2Fcategories&post=13552"},{"taxonomy":"post_tag","embeddable":true,"href":"https:\/\/sefaz.ac.gov.br\/2021\/index.php?rest_route=%2Fwp%2Fv2%2Ftags&post=13552"}],"curies":[{"name":"wp","href":"https:\/\/api.w.org\/{rel}","templated":true}]}}