{"id":13545,"date":"2017-02-21T12:04:57","date_gmt":"2017-02-21T15:04:57","guid":{"rendered":"http:\/\/sefaz.acre.gov.br:80\/2021\/?p=13545"},"modified":"2023-04-28T11:21:59","modified_gmt":"2023-04-28T14:21:59","slug":"portaria-no-046-de-21-de-fevereiro-de-2017","status":"publish","type":"post","link":"https:\/\/sefaz.ac.gov.br\/2021\/?p=13545","title":{"rendered":"PORTARIA N\u00ba 046, DE 21 DE FEVEREIRO DE 2017"},"content":{"rendered":"\n<p class=\"wp-block-paragraph\"><strong>O SECRET\u00c1RIO DE ESTADO DA FAZENDA<\/strong>,no uso das atribui\u00e7\u00f5es legais que lhe confere o Decreto n\u00ba 2.617, de 5 de junho de 2015; e<\/p>\n\n\n\n<p class=\"wp-block-paragraph\">Considerando o art. 65, II, do Decreto n\u00ba 183, de 6 de outubro de 1975, que aprovou o Regimento Interno da Secretaria de Estado da Fazenda;<\/p>\n\n\n\n<p class=\"wp-block-paragraph\">Considerando o art. 519 do Regulamento do ICMS do Estado do Acre, aprovado pelo Decreto n\u00ba 008, de 26 de janeiro de 1998;<\/p>\n\n\n\n<p class=\"wp-block-paragraph\">Considerando que problemas t\u00e9cnicos ocorridos no per\u00edodo de 19 a 21 de fevereiro de 2017 comprometeram os servi\u00e7os de recep\u00e7\u00e3o do Demonstrativo de Apura\u00e7\u00e3o Mensal DAM e o recolhimento do ICMS relacionados aos fatos geradores do m\u00eas de janeiro de 2017;<\/p>\n\n\n\n<p class=\"wp-block-paragraph\"><strong>RESOLVE:<\/strong><\/p>\n\n\n\n<p class=\"wp-block-paragraph\">Art. 1\u00ba &nbsp;Ficam, excepcionalmente, prorrogados para 23 de fevereiro de 2017, os prazos de entrega do Demonstrativo de Apura\u00e7\u00e3o Mensal e recolhimento do ICMS correspondente, referentes aos fatos geradores do m\u00eas de janeiro de 2017, previstos, respectivamente, no inciso II do \u00a7 3\u00ba do art. 360 e no inciso IV do art. 93 do Regulamento do ICMS, aprovado pelo Decreto n\u00ba 008, de 26 de janeiro de 1998<\/p>\n\n\n\n<p class=\"wp-block-paragraph\">Par\u00e1grafo \u00fanico.&nbsp; A prorroga\u00e7\u00e3o prevista no <strong>caput<\/strong> n\u00e3o autoriza a restitui\u00e7\u00e3o ou compensa\u00e7\u00e3o de import\u00e2ncias j\u00e1 recolhidas.<\/p>\n\n\n\n<p class=\"wp-block-paragraph\">Art. 2\u00ba Esta Portaria entrara em vigor na data de sua publica\u00e7\u00e3o.<\/p>\n\n\n\n<p class=\"wp-block-paragraph\">Rio Branco &#8211; Acre, 21 de fevereiro de 2017.<\/p>\n","protected":false},"excerpt":{"rendered":"<p>Prorroga os prazos de entrega do Demonstrativo de Apura\u00e7\u00e3o Mensal e recolhimento do ICMS, referentes aos fatos geradores de janeiro de 2017, no caso que especifica. <\/p>\n","protected":false},"author":5,"featured_media":0,"comment_status":"closed","ping_status":"closed","sticky":false,"template":"","format":"standard","meta":{"_acf_changed":false,"footnotes":""},"categories":[3,33],"tags":[89,35],"class_list":["post-13545","post","type-post","status-publish","format-standard","hentry","category-legislacao","category-portarias","tag-dam","tag-icms"],"acf":[],"_links":{"self":[{"href":"https:\/\/sefaz.ac.gov.br\/2021\/index.php?rest_route=\/wp\/v2\/posts\/13545","targetHints":{"allow":["GET"]}}],"collection":[{"href":"https:\/\/sefaz.ac.gov.br\/2021\/index.php?rest_route=\/wp\/v2\/posts"}],"about":[{"href":"https:\/\/sefaz.ac.gov.br\/2021\/index.php?rest_route=\/wp\/v2\/types\/post"}],"author":[{"embeddable":true,"href":"https:\/\/sefaz.ac.gov.br\/2021\/index.php?rest_route=\/wp\/v2\/users\/5"}],"replies":[{"embeddable":true,"href":"https:\/\/sefaz.ac.gov.br\/2021\/index.php?rest_route=%2Fwp%2Fv2%2Fcomments&post=13545"}],"version-history":[{"count":0,"href":"https:\/\/sefaz.ac.gov.br\/2021\/index.php?rest_route=\/wp\/v2\/posts\/13545\/revisions"}],"wp:attachment":[{"href":"https:\/\/sefaz.ac.gov.br\/2021\/index.php?rest_route=%2Fwp%2Fv2%2Fmedia&parent=13545"}],"wp:term":[{"taxonomy":"category","embeddable":true,"href":"https:\/\/sefaz.ac.gov.br\/2021\/index.php?rest_route=%2Fwp%2Fv2%2Fcategories&post=13545"},{"taxonomy":"post_tag","embeddable":true,"href":"https:\/\/sefaz.ac.gov.br\/2021\/index.php?rest_route=%2Fwp%2Fv2%2Ftags&post=13545"}],"curies":[{"name":"wp","href":"https:\/\/api.w.org\/{rel}","templated":true}]}}