{"id":13529,"date":"2016-12-26T11:50:58","date_gmt":"2016-12-26T13:50:58","guid":{"rendered":"http:\/\/sefaz.acre.gov.br:80\/2021\/?p=13529"},"modified":"2026-04-01T12:17:51","modified_gmt":"2026-04-01T15:17:51","slug":"portaria-no-611-de-26-de-dezembro-de-2016","status":"publish","type":"post","link":"https:\/\/sefaz.ac.gov.br\/2021\/?p=13529","title":{"rendered":"PORTARIA N\u00ba 611, DE 26 DE DEZEMBRO DE 2016"},"content":{"rendered":"\r\n<p class=\"wp-block-paragraph\"><strong>O SECRET\u00c1RIO DE ESTADO DA FAZENDA,<\/strong> no uso das atribui\u00e7\u00f5es le\u00adgais que lhe confere o Decreto n\u00ba 2.617, de 5 de junho de 2015;<\/p>\r\n\r\n\r\n\r\n<p class=\"wp-block-paragraph\">Considerando o disposto no art. 65, do Regime Interno da Secretaria de Estado da Fazenda, aprovado pelo Dec. 183, de 6 de outubro de 1975;<\/p>\r\n\r\n\r\n\r\n<p class=\"wp-block-paragraph\">Considerando a necessidade de conceder maior tempo para que os contribuintes possam se adequar para o cumprimento do disposto na <a href=\"https:\/\/sefaz.ac.gov.br\/2021\/?p=11663\" target=\"_blank\" rel=\"noreferrer noopener\">Portaria n\u00ba 565, de 29 de novembro de 2016<\/a>;<\/p>\r\n\r\n\r\n\r\n<p class=\"wp-block-paragraph\"><strong>RESOLVE:<\/strong><\/p>\r\n\r\n\r\n\r\n<p class=\"wp-block-paragraph\">Art. 1\u00ba A Portaria n\u00ba 565, de 29 de novembro de 2016, passa a vigorar com as seguintes altera\u00e7\u00f5es:<\/p>\r\n\r\n\r\n\r\n<blockquote class=\"wp-block-quote is-layout-flow wp-block-quote-is-layout-flow\">\r\n<p class=\"wp-block-paragraph\">\u201cArt. 2\u00ba &#8230;<\/p>\r\n\r\n\r\n\r\n<p class=\"wp-block-paragraph\">&#8230;<\/p>\r\n\r\n\r\n\r\n<p class=\"wp-block-paragraph\">\u00a0I &#8211; Tabela 5.1.1 \u2013 Tabela de Ajustes dos Saldos da Apura\u00e7\u00e3o do ICMS \u2013 constante do Anexo I desta Portaria, para gera\u00e7\u00e3o dos seguintes registros:<\/p>\r\n\r\n\r\n\r\n<p class=\"wp-block-paragraph\">&#8230;<\/p>\r\n\r\n\r\n\r\n<p class=\"wp-block-paragraph\">Art. 4\u00ba At\u00e9 1\u00ba de janeiro de 2017 \u00e9 facultativo aos contribuintes a utiliza\u00e7\u00e3o dos c\u00f3digos de ajustes gen\u00e9ricos da tabela 5.1.1, existentes antes da edi\u00e7\u00e3o desta Portaria, em substitui\u00e7\u00e3o aos c\u00f3digos de ajustes espec\u00edficos da tabela 5.1.1 e 5.3, desde que seja informado no campo 03 do Registro E111 &#8211; Ajuste\/Benef\u00edcio\/Incentivo da Apura\u00e7\u00e3o especifica\u00e7\u00e3o complementar que permita identificar o ajuste realizado.<\/p>\r\n\r\n\r\n\r\n<p class=\"wp-block-paragraph\">Par\u00e1grafo \u00fanico. At\u00e9 a data prevista no <strong>caput<\/strong> \u00e9 facultativo aos contribuintes a apresenta\u00e7\u00e3o dos registros C197, D197, E115 e os registros do bloco 1 mencionados no art. 3\u00ba.\u201d (NR)<\/p>\r\n<\/blockquote>\r\n\r\n\r\n\r\n<p class=\"wp-block-paragraph\">Art. 2\u00ba \u00a0Os Anexos I, II, III e IV da Portaria n\u00ba 565, de 29 de novembro de 2016, passam a vigorar com a reda\u00e7\u00e3o dada pelos Anexos I, II, III e IV desta Portaria.<\/p>\r\n\r\n\r\n\r\n<p class=\"wp-block-paragraph\">Art. 3\u00ba Esta Portaria entra em vigor na data de sua publica\u00e7\u00e3o.<\/p>\r\n\r\n\r\n\r\n<p class=\"wp-block-paragraph\">Rio Branco-Acre, 26 de dezembro de 2016.<\/p>\r\n","protected":false},"excerpt":{"rendered":"<p>Altera a Portaria n\u00ba 565, de 29 de novembro de 2016, que disp\u00f5e sobre os c\u00f3digos de ajustes e informa\u00e7\u00f5es obrigat\u00f3rias da Escritura\u00e7\u00e3o Fiscal Digital &#8211; EFD no Estado do Acre.<\/p>\n","protected":false},"author":5,"featured_media":0,"comment_status":"closed","ping_status":"closed","sticky":false,"template":"","format":"standard","meta":{"_acf_changed":false,"footnotes":""},"categories":[3,33],"tags":[72,35],"class_list":["post-13529","post","type-post","status-publish","format-standard","hentry","category-legislacao","category-portarias","tag-efd","tag-icms"],"acf":[],"_links":{"self":[{"href":"https:\/\/sefaz.ac.gov.br\/2021\/index.php?rest_route=\/wp\/v2\/posts\/13529","targetHints":{"allow":["GET"]}}],"collection":[{"href":"https:\/\/sefaz.ac.gov.br\/2021\/index.php?rest_route=\/wp\/v2\/posts"}],"about":[{"href":"https:\/\/sefaz.ac.gov.br\/2021\/index.php?rest_route=\/wp\/v2\/types\/post"}],"author":[{"embeddable":true,"href":"https:\/\/sefaz.ac.gov.br\/2021\/index.php?rest_route=\/wp\/v2\/users\/5"}],"replies":[{"embeddable":true,"href":"https:\/\/sefaz.ac.gov.br\/2021\/index.php?rest_route=%2Fwp%2Fv2%2Fcomments&post=13529"}],"version-history":[{"count":1,"href":"https:\/\/sefaz.ac.gov.br\/2021\/index.php?rest_route=\/wp\/v2\/posts\/13529\/revisions"}],"predecessor-version":[{"id":24077,"href":"https:\/\/sefaz.ac.gov.br\/2021\/index.php?rest_route=\/wp\/v2\/posts\/13529\/revisions\/24077"}],"wp:attachment":[{"href":"https:\/\/sefaz.ac.gov.br\/2021\/index.php?rest_route=%2Fwp%2Fv2%2Fmedia&parent=13529"}],"wp:term":[{"taxonomy":"category","embeddable":true,"href":"https:\/\/sefaz.ac.gov.br\/2021\/index.php?rest_route=%2Fwp%2Fv2%2Fcategories&post=13529"},{"taxonomy":"post_tag","embeddable":true,"href":"https:\/\/sefaz.ac.gov.br\/2021\/index.php?rest_route=%2Fwp%2Fv2%2Ftags&post=13529"}],"curies":[{"name":"wp","href":"https:\/\/api.w.org\/{rel}","templated":true}]}}