{"id":13511,"date":"2016-11-30T11:42:46","date_gmt":"2016-11-30T13:42:46","guid":{"rendered":"http:\/\/sefaz.acre.gov.br:80\/2021\/?p=13511"},"modified":"2023-04-28T11:14:41","modified_gmt":"2023-04-28T14:14:41","slug":"portaria-no-568-de-30-de-novembro-de-2016","status":"publish","type":"post","link":"https:\/\/sefaz.ac.gov.br\/2021\/?p=13511","title":{"rendered":"PORTARIA N\u00ba 568, DE 30 DE NOVEMBRO DE 2016"},"content":{"rendered":"\n<p class=\"wp-block-paragraph\"><strong>O SECRET\u00c1RIO DE ESTADO DA FAZENDA<\/strong>,no uso das atribui\u00e7\u00f5es legais que lhe confere o Decreto n\u00ba 2.617, de 5 de junho de 2015;<\/p>\n\n\n\n<p class=\"wp-block-paragraph\">Considerando o art. 65, II, do Decreto n\u00ba 183, de 6 de outubro de 1975, que aprovou o Regimento Interno da Secretaria de Estado da Fazenda;<\/p>\n\n\n\n<p class=\"wp-block-paragraph\">Considerando o art. 519 do Regulamento do ICMS do Estado do Acre, aprovado pelo Decreto n\u00ba 008, de 26 de janeiro de 1998; e<\/p>\n\n\n\n<p class=\"wp-block-paragraph\">Considerando que problemas log\u00edsticos dificultaram a entrega tempestiva das \u201cNotifica\u00e7\u00f5es de Lan\u00e7amento &#8211; ICMS NF-e Pendentes\u201d, geradas e emitidas em novembro de 2016, com vencimento agendado para o \u00faltimo dia \u00fatil do referido m\u00eas;<strong><\/strong><\/p>\n\n\n\n<p class=\"wp-block-paragraph\"><strong>RESOLVE:<\/strong><\/p>\n\n\n\n<p class=\"wp-block-paragraph\">Art. 1\u00ba&nbsp; Fica, excepcionalmente, prorrogado para 15 de dezembro de 2016, o prazo de pagamento do ICMS referentes \u00e0 \u201cNotifica\u00e7\u00e3o de Lan\u00e7amento &#8211; ICMS NF-e Pendentes\u201d, emitidas, originalmente, com data de vencimento para 30 de novembro de 2016.<\/p>\n\n\n\n<p class=\"wp-block-paragraph\">Art. 2\u00ba A prorroga\u00e7\u00e3o do prazo previsto nesta Portaria n\u00e3o autoriza a restitui\u00e7\u00e3o ou a compensa\u00e7\u00e3o de import\u00e2ncias j\u00e1 recolhidas e n\u00e3o implica na amplia\u00e7\u00e3o do prazo para impugna\u00e7\u00e3o.<\/p>\n\n\n\n<p class=\"wp-block-paragraph\">Art. 3\u00ba&nbsp; Esta Portaria entra em vigor na data de sua publica\u00e7\u00e3o.<\/p>\n\n\n\n<p class=\"wp-block-paragraph\">Rio Branco &#8211; Acre, 30 de novembro de 2016.<\/p>\n","protected":false},"excerpt":{"rendered":"<p>Disp\u00f5e sobre a prorroga\u00e7\u00e3o do prazo para pagamento de d\u00e9bitos do ICMS no caso que especifica.<\/p>\n","protected":false},"author":5,"featured_media":0,"comment_status":"closed","ping_status":"closed","sticky":false,"template":"","format":"standard","meta":{"_acf_changed":false,"footnotes":""},"categories":[3,33],"tags":[35],"class_list":["post-13511","post","type-post","status-publish","format-standard","hentry","category-legislacao","category-portarias","tag-icms"],"acf":[],"_links":{"self":[{"href":"https:\/\/sefaz.ac.gov.br\/2021\/index.php?rest_route=\/wp\/v2\/posts\/13511","targetHints":{"allow":["GET"]}}],"collection":[{"href":"https:\/\/sefaz.ac.gov.br\/2021\/index.php?rest_route=\/wp\/v2\/posts"}],"about":[{"href":"https:\/\/sefaz.ac.gov.br\/2021\/index.php?rest_route=\/wp\/v2\/types\/post"}],"author":[{"embeddable":true,"href":"https:\/\/sefaz.ac.gov.br\/2021\/index.php?rest_route=\/wp\/v2\/users\/5"}],"replies":[{"embeddable":true,"href":"https:\/\/sefaz.ac.gov.br\/2021\/index.php?rest_route=%2Fwp%2Fv2%2Fcomments&post=13511"}],"version-history":[{"count":0,"href":"https:\/\/sefaz.ac.gov.br\/2021\/index.php?rest_route=\/wp\/v2\/posts\/13511\/revisions"}],"wp:attachment":[{"href":"https:\/\/sefaz.ac.gov.br\/2021\/index.php?rest_route=%2Fwp%2Fv2%2Fmedia&parent=13511"}],"wp:term":[{"taxonomy":"category","embeddable":true,"href":"https:\/\/sefaz.ac.gov.br\/2021\/index.php?rest_route=%2Fwp%2Fv2%2Fcategories&post=13511"},{"taxonomy":"post_tag","embeddable":true,"href":"https:\/\/sefaz.ac.gov.br\/2021\/index.php?rest_route=%2Fwp%2Fv2%2Ftags&post=13511"}],"curies":[{"name":"wp","href":"https:\/\/api.w.org\/{rel}","templated":true}]}}