{"id":13480,"date":"2016-07-05T11:27:43","date_gmt":"2016-07-05T14:27:43","guid":{"rendered":"http:\/\/sefaz.acre.gov.br:80\/2021\/?p=13480"},"modified":"2023-04-26T10:39:05","modified_gmt":"2023-04-26T13:39:05","slug":"portaria-no-303-de-5-de-julho-de-2016","status":"publish","type":"post","link":"https:\/\/sefaz.ac.gov.br\/2021\/?p=13480","title":{"rendered":"PORTARIA N\u00ba 303, DE 5 DE JULHO DE 2016"},"content":{"rendered":"\n<p class=\"wp-block-paragraph\"><strong>O SECRET\u00c1RIO DE ESTADO DA FAZENDA<\/strong>,no uso das atribui\u00e7\u00f5es legais que lhe confere o Decreto n\u00ba 2.617, de 5 de junho de 2015; e<\/p>\n\n\n\n<p class=\"wp-block-paragraph\">Considerando o art. 65, II, do Decreto n\u00ba 183, de 6 de outubro de 1975, que aprovou o Regimento Interno da Secretaria de Estado da Fazenda;<\/p>\n\n\n\n<p class=\"wp-block-paragraph\">Considerando o art. 519 do Regulamento do ICMS do Estado do Acre, aprovado pelo Decreto n\u00ba 008, de 26 de janeiro de 1998;<\/p>\n\n\n\n<p class=\"wp-block-paragraph\">Considerando que por problemas t\u00e9cnicos na rede de comunica\u00e7\u00e3o os servi\u00e7os disponibilizados atrav\u00e9s do Portal SEFAZ on-line ficaram indispon\u00edveis nos dias 29 e 30 de junho de 2016;<\/p>\n\n\n\n<p class=\"wp-block-paragraph\">Considerando que no dia 30 de junho de 2016 encerrou o prazo de ades\u00e3o ao programa de parcelamento incentivado, regulamentado pelo Decreto 4.971, de 20 de dezembro de 2012;<\/p>\n\n\n\n<p class=\"wp-block-paragraph\">Considerando, por fim, que a indisponibilidade dos servi\u00e7os da SEFAZ na internet impossibilitou a emiss\u00e3o de Documento de Arrecada\u00e7\u00e3o Estadual para pagamento do ICMS exigido por Notifica\u00e7\u00e3o Especial vencidas em 29 e 30 de junho e de parcelamentos;<\/p>\n\n\n\n<p class=\"wp-block-paragraph\"><strong>RESOLVE:<\/strong><\/p>\n\n\n\n<p class=\"wp-block-paragraph\">Art. 1\u00ba Fica prorrogado para 08 de julho de 2016, o prazo de pagamento dos seguintes d\u00e9bitos do ICMS:<\/p>\n\n\n\n<p class=\"wp-block-paragraph\">I &#8211; exigido por Notifica\u00e7\u00e3o Especial, vencido em 29 ou 30 de junho de 2016;<\/p>\n\n\n\n<p class=\"wp-block-paragraph\">II \u2013 referente \u00e0 parcela de programa de parcelamento com data de vencimento em 30 de junho de 2016.<\/p>\n\n\n\n<p class=\"wp-block-paragraph\">Par\u00e1grafo \u00fanico. O disposto neste artigo n\u00e3o se aplica \u00e0s Notifica\u00e7\u00f5es do ICMS e Termos de Apreens\u00e3o.<\/p>\n\n\n\n<p class=\"wp-block-paragraph\">Art. 2\u00ba Ficam as Ag\u00eancias da SEFAZ, da capital ou do interior, autorizadas a emitir os termos de ades\u00e3o e respectivos Documentos de Arrecada\u00e7\u00e3o Estadual, para os contribuintes que protocolaram tempestivamente a ades\u00e3o ao parcelamento incentivado de que trata o Decreto 4.971, de 20 de dezembro de 2012, prorrogado pelo Decreto 4.559, de 03 de maio de 2016, sem preju\u00edzo da atualiza\u00e7\u00e3o do d\u00e9bito em conformidade com a legisla\u00e7\u00e3o pertinente.<\/p>\n\n\n\n<p class=\"wp-block-paragraph\">Art. 3\u00ba A prorroga\u00e7\u00e3o prevista nesta portaria n\u00e3o autoriza a restitui\u00e7\u00e3o ou a compensa\u00e7\u00e3o de import\u00e2ncias j\u00e1 recolhidas.<\/p>\n\n\n\n<p class=\"wp-block-paragraph\">Art. 4\u00ba Esta Portaria entra em vigor na data de sua publica\u00e7\u00e3o, produzindo efeitos a contar de 4 de julho de 2016.<\/p>\n\n\n\n<p class=\"wp-block-paragraph\">Rio Branco &#8211; Acre, 5 de julho de 2016.<\/p>\n","protected":false},"excerpt":{"rendered":"<p>Disp\u00f5e sobre a prorroga\u00e7\u00e3o do prazo para pagamento de d\u00e9bitos do ICMS no caso que especifica.<\/p>\n","protected":false},"author":5,"featured_media":0,"comment_status":"closed","ping_status":"closed","sticky":false,"template":"","format":"standard","meta":{"_acf_changed":false,"footnotes":""},"categories":[3,33],"tags":[35],"class_list":["post-13480","post","type-post","status-publish","format-standard","hentry","category-legislacao","category-portarias","tag-icms"],"acf":[],"_links":{"self":[{"href":"https:\/\/sefaz.ac.gov.br\/2021\/index.php?rest_route=\/wp\/v2\/posts\/13480","targetHints":{"allow":["GET"]}}],"collection":[{"href":"https:\/\/sefaz.ac.gov.br\/2021\/index.php?rest_route=\/wp\/v2\/posts"}],"about":[{"href":"https:\/\/sefaz.ac.gov.br\/2021\/index.php?rest_route=\/wp\/v2\/types\/post"}],"author":[{"embeddable":true,"href":"https:\/\/sefaz.ac.gov.br\/2021\/index.php?rest_route=\/wp\/v2\/users\/5"}],"replies":[{"embeddable":true,"href":"https:\/\/sefaz.ac.gov.br\/2021\/index.php?rest_route=%2Fwp%2Fv2%2Fcomments&post=13480"}],"version-history":[{"count":0,"href":"https:\/\/sefaz.ac.gov.br\/2021\/index.php?rest_route=\/wp\/v2\/posts\/13480\/revisions"}],"wp:attachment":[{"href":"https:\/\/sefaz.ac.gov.br\/2021\/index.php?rest_route=%2Fwp%2Fv2%2Fmedia&parent=13480"}],"wp:term":[{"taxonomy":"category","embeddable":true,"href":"https:\/\/sefaz.ac.gov.br\/2021\/index.php?rest_route=%2Fwp%2Fv2%2Fcategories&post=13480"},{"taxonomy":"post_tag","embeddable":true,"href":"https:\/\/sefaz.ac.gov.br\/2021\/index.php?rest_route=%2Fwp%2Fv2%2Ftags&post=13480"}],"curies":[{"name":"wp","href":"https:\/\/api.w.org\/{rel}","templated":true}]}}