{"id":13464,"date":"2016-03-30T11:21:11","date_gmt":"2016-03-30T14:21:11","guid":{"rendered":"http:\/\/sefaz.acre.gov.br:80\/2021\/?p=13464"},"modified":"2023-04-26T10:36:06","modified_gmt":"2023-04-26T13:36:06","slug":"portaria-no-146-de-30-de-marco-de-2016","status":"publish","type":"post","link":"https:\/\/sefaz.ac.gov.br\/2021\/?p=13464","title":{"rendered":"PORTARIA N\u00ba 146, DE 30 DE MAR\u00c7O DE 2016"},"content":{"rendered":"\n<p class=\"wp-block-paragraph\"><strong>O SECRET\u00c1RIO DE ESTADO DA FAZENDA<\/strong>,no uso das atribui\u00e7\u00f5es legais que lhe confere o Decreto n\u00ba 2.617, de 5 de junho de 2015, e<\/p>\n\n\n\n<p class=\"wp-block-paragraph\">Considerando o art. 65, II do Regimento Interno da Secretaria de Estado da Fazenda, aprovado pelo Decreto n.\u00ba 183, de 6 de outubro de 1975;<\/p>\n\n\n\n<p class=\"wp-block-paragraph\">Considerando o art. 519 do Regulamento do ICMS do Estado do Acre, aprovado pelo Decreto n\u00ba 008, de 26 de janeiro de 1998;<\/p>\n\n\n\n<p class=\"wp-block-paragraph\">Considerando que problemas log\u00edsticos impediram a entrega tempestiva das Notifica\u00e7\u00f5es Especiais de d\u00e9bitos do ICMS antecipa\u00e7\u00e3o tribut\u00e1ria referente \u00e0s entradas interestaduais de mercadorias da segunda quinzena de fevereiro de 2016, aprazadas para vencimento em 30 de mar\u00e7o de 2016, quanto aos contribuintes domiciliados no munic\u00edpio de Brasil\u00e9ia;<\/p>\n\n\n\n<p class=\"wp-block-paragraph\"><strong>RESOLVE:<\/strong><\/p>\n\n\n\n<p class=\"wp-block-paragraph\">Art. 1\u00ba &nbsp;Fica prorrogado para 8 de abril de 2016, o prazo para pagamento das Notifica\u00e7\u00f5es Especiais do ICMS devido por antecipa\u00e7\u00e3o tribut\u00e1ria, referente ao per\u00edodo de apura\u00e7\u00e3o da segunda quinzena de fevereiro de 2016, aprazadas para vencimento em 30 de mar\u00e7o de 2016, quanto aos contribuintes domiciliados no munic\u00edpio de Brasil\u00e9ia.<\/p>\n\n\n\n<p class=\"wp-block-paragraph\">\u00a7 1\u00ba&nbsp; O disposto neste artigo n\u00e3o se aplica \u00e0s opera\u00e7\u00f5es e presta\u00e7\u00f5es cujos documentos fiscais n\u00e3o tenham sido, na forma da legisla\u00e7\u00e3o de reg\u00eancia, apresentados ao Fisco Estadual, quando da entrada da mercadoria no estado.<\/p>\n\n\n\n<p class=\"wp-block-paragraph\">\u00a7 2\u00ba A prorroga\u00e7\u00e3o prevista no <strong>caput<\/strong> n\u00e3o autoriza a restitui\u00e7\u00e3o ou compensa\u00e7\u00e3o de import\u00e2ncias j\u00e1 recolhidas.<\/p>\n\n\n\n<p class=\"wp-block-paragraph\">Art. 2\u00ba Esta Portaria entra em vigor na data de sua publica\u00e7\u00e3o.<\/p>\n\n\n\n<p class=\"wp-block-paragraph\">Rio Branco-Acre, 30 de mar\u00e7o de 2016.<\/p>\n","protected":false},"excerpt":{"rendered":"<p>Disp\u00f5e sobre a prorroga\u00e7\u00e3o do prazo para pagamento de d\u00e9bitos relacionados ao ICMS, no caso que especifica.<\/p>\n","protected":false},"author":5,"featured_media":0,"comment_status":"closed","ping_status":"closed","sticky":false,"template":"","format":"standard","meta":{"_acf_changed":false,"footnotes":""},"categories":[3,33],"tags":[35],"class_list":["post-13464","post","type-post","status-publish","format-standard","hentry","category-legislacao","category-portarias","tag-icms"],"acf":[],"_links":{"self":[{"href":"https:\/\/sefaz.ac.gov.br\/2021\/index.php?rest_route=\/wp\/v2\/posts\/13464","targetHints":{"allow":["GET"]}}],"collection":[{"href":"https:\/\/sefaz.ac.gov.br\/2021\/index.php?rest_route=\/wp\/v2\/posts"}],"about":[{"href":"https:\/\/sefaz.ac.gov.br\/2021\/index.php?rest_route=\/wp\/v2\/types\/post"}],"author":[{"embeddable":true,"href":"https:\/\/sefaz.ac.gov.br\/2021\/index.php?rest_route=\/wp\/v2\/users\/5"}],"replies":[{"embeddable":true,"href":"https:\/\/sefaz.ac.gov.br\/2021\/index.php?rest_route=%2Fwp%2Fv2%2Fcomments&post=13464"}],"version-history":[{"count":0,"href":"https:\/\/sefaz.ac.gov.br\/2021\/index.php?rest_route=\/wp\/v2\/posts\/13464\/revisions"}],"wp:attachment":[{"href":"https:\/\/sefaz.ac.gov.br\/2021\/index.php?rest_route=%2Fwp%2Fv2%2Fmedia&parent=13464"}],"wp:term":[{"taxonomy":"category","embeddable":true,"href":"https:\/\/sefaz.ac.gov.br\/2021\/index.php?rest_route=%2Fwp%2Fv2%2Fcategories&post=13464"},{"taxonomy":"post_tag","embeddable":true,"href":"https:\/\/sefaz.ac.gov.br\/2021\/index.php?rest_route=%2Fwp%2Fv2%2Ftags&post=13464"}],"curies":[{"name":"wp","href":"https:\/\/api.w.org\/{rel}","templated":true}]}}