{"id":13308,"date":"2015-11-11T15:05:41","date_gmt":"2015-11-11T17:05:41","guid":{"rendered":"http:\/\/sefaz.acre.gov.br:80\/2021\/?p=13308"},"modified":"2023-04-26T10:19:26","modified_gmt":"2023-04-26T13:19:26","slug":"portaria-no-530-de-11-de-novembro-de-2015","status":"publish","type":"post","link":"https:\/\/sefaz.ac.gov.br\/2021\/?p=13308","title":{"rendered":"PORTARIA N\u00ba 530, DE 11 DE NOVEMBRO DE 2015"},"content":{"rendered":"\n<p class=\"wp-block-paragraph\"><strong>O SECRET\u00c1RIO DE ESTADO DA FAZENDA<\/strong>,no uso das atribui\u00e7\u00f5es legais que lhe confere o Decreto n\u00ba 2.617, de 5 de junho de 2015, e<\/p>\n\n\n\n<p class=\"wp-block-paragraph\"><strong>&nbsp;CONSIDERANDO<\/strong> o art. 65, II, do Decreto n\u00ba 183, de 6 de outubro de 1975, que aprovou o Regimento Interno da Secretaria de Estado da Fazenda,<\/p>\n\n\n\n<p class=\"wp-block-paragraph\"><strong>&nbsp;CONSIDERANDO<\/strong> o art. 519 do Regulamento do ICMS do Estado do Acre, aprovado pelo Decreto n\u00ba 008, de 26 de janeiro de 1998,<\/p>\n\n\n\n<p class=\"wp-block-paragraph\"><strong>&nbsp;CONSIDERANDO<\/strong> a ocorr\u00eancia de problemas t\u00e9cnicos que impossibilitaram a expedi\u00e7\u00e3o do Documento de Arrecada\u00e7\u00e3o Estadual &#8211; DAE para pagamento da substitui\u00e7\u00e3o interna pelos estabelecimentos localizados no Estado do Acre,<\/p>\n\n\n\n<p class=\"wp-block-paragraph\"><strong>RESOLVE:<\/strong><\/p>\n\n\n\n<p class=\"wp-block-paragraph\">Art. 1\u00ba Fica prorrogado para 13 de novembro de 2015, o prazo de pagamento do ICMS, estabelecido pelo art. 93, inc. II, al\u00ednea \u201cg\u201d, do Regulamento do ICMS do Estado do Acre, aprovado pelo Decreto n\u00ba 008, de 26 de janeiro de 1998, referente \u00e0 apura\u00e7\u00e3o da substitui\u00e7\u00e3o tribut\u00e1ria interna do m\u00eas de outubro de 2015, devido pelos estabelecimentos localizados neste Estado.<\/p>\n\n\n\n<p class=\"wp-block-paragraph\">Par\u00e1grafo \u00fanico.&nbsp; O disposto neste artigo n\u00e3o se aplica a d\u00e9bitos fiscais de ICMS decorrente de substitui\u00e7\u00e3o tribut\u00e1ria, retida ou n\u00e3o retida, devidos por for\u00e7a de conv\u00eanios ou protocolos ICMS celebrados no \u00e2mbito do Conselho Nacional de Pol\u00edtica Fazend\u00e1ria &#8211; CONFAZ, de responsabilidade do substituto tribut\u00e1rio localizado em outra unidade da Federa\u00e7\u00e3o, ainda que inscrito como substituto tribut\u00e1rio no cadastro de contribuintes deste Estado.<\/p>\n\n\n\n<p class=\"wp-block-paragraph\">Art. 2\u00ba &nbsp;Esta Portaria entra em vigor na data da sua publica\u00e7\u00e3o.<\/p>\n\n\n\n<p class=\"wp-block-paragraph\">Rio Branco &#8211; Acre, 11 de novembro de 2015.<\/p>\n","protected":false},"excerpt":{"rendered":"<p>Disp\u00f5e sobre a prorroga\u00e7\u00e3o do prazo para pagamento de d\u00e9bitos relacionados ao ICMS no caso que especifica.<\/p>\n","protected":false},"author":5,"featured_media":0,"comment_status":"closed","ping_status":"closed","sticky":false,"template":"","format":"standard","meta":{"_acf_changed":false,"footnotes":""},"categories":[3,33],"tags":[35],"class_list":["post-13308","post","type-post","status-publish","format-standard","hentry","category-legislacao","category-portarias","tag-icms"],"acf":[],"_links":{"self":[{"href":"https:\/\/sefaz.ac.gov.br\/2021\/index.php?rest_route=\/wp\/v2\/posts\/13308","targetHints":{"allow":["GET"]}}],"collection":[{"href":"https:\/\/sefaz.ac.gov.br\/2021\/index.php?rest_route=\/wp\/v2\/posts"}],"about":[{"href":"https:\/\/sefaz.ac.gov.br\/2021\/index.php?rest_route=\/wp\/v2\/types\/post"}],"author":[{"embeddable":true,"href":"https:\/\/sefaz.ac.gov.br\/2021\/index.php?rest_route=\/wp\/v2\/users\/5"}],"replies":[{"embeddable":true,"href":"https:\/\/sefaz.ac.gov.br\/2021\/index.php?rest_route=%2Fwp%2Fv2%2Fcomments&post=13308"}],"version-history":[{"count":0,"href":"https:\/\/sefaz.ac.gov.br\/2021\/index.php?rest_route=\/wp\/v2\/posts\/13308\/revisions"}],"wp:attachment":[{"href":"https:\/\/sefaz.ac.gov.br\/2021\/index.php?rest_route=%2Fwp%2Fv2%2Fmedia&parent=13308"}],"wp:term":[{"taxonomy":"category","embeddable":true,"href":"https:\/\/sefaz.ac.gov.br\/2021\/index.php?rest_route=%2Fwp%2Fv2%2Fcategories&post=13308"},{"taxonomy":"post_tag","embeddable":true,"href":"https:\/\/sefaz.ac.gov.br\/2021\/index.php?rest_route=%2Fwp%2Fv2%2Ftags&post=13308"}],"curies":[{"name":"wp","href":"https:\/\/api.w.org\/{rel}","templated":true}]}}