{"id":13293,"date":"2014-08-27T14:50:43","date_gmt":"2014-08-27T17:50:43","guid":{"rendered":"http:\/\/sefaz.acre.gov.br:80\/2021\/?p=13293"},"modified":"2023-04-26T10:06:10","modified_gmt":"2023-04-26T13:06:10","slug":"portaria-no-515-de-27-de-agosto-de-2014","status":"publish","type":"post","link":"https:\/\/sefaz.ac.gov.br\/2021\/?p=13293","title":{"rendered":"PORTARIA N\u00ba 515, DE 27 DE AGOSTO DE 2014"},"content":{"rendered":"\n<p class=\"wp-block-paragraph\"><strong>A SECRET\u00c1RIA DE ESTADO DA FAZENDA<\/strong>, no uso das atribui\u00e7\u00f5es legais que lhe confere o Decreto n\u00ba 8.056, de 21 de julho de 2014;<\/p>\n\n\n\n<p class=\"wp-block-paragraph\"><strong>&nbsp;CONSIDERANDO<\/strong> o art. 65, II do Regimento Interno da Secretaria de Estado da Fazenda, aprovado pelo Decreto n.\u00ba 183, de 6 de outubro de 1975;<\/p>\n\n\n\n<p class=\"wp-block-paragraph\"><strong>&nbsp;CONSIDERANDO<\/strong> o art. 519 do Regulamento do ICMS do Estado do Acre, aprovado pelo Decreto n\u00ba 008, de 26 de janeiro de 1998;<\/p>\n\n\n\n<p class=\"wp-block-paragraph\"><strong>&nbsp;CONSIDERANDO<\/strong> o pagamento a menor de parcelas de parcelamento vencidas em 30 ou 31 de julho, em decorr\u00eancia de diverg\u00eancia na tabela de c\u00e1lculo dos juros Selic do Sistema de Administra\u00e7\u00e3o Tribut\u00e1ria;<\/p>\n\n\n\n<p class=\"wp-block-paragraph\"><strong>RESOLVE:<\/strong><\/p>\n\n\n\n<p class=\"wp-block-paragraph\">Art. 1\u00ba&nbsp; Fica prorrogado para 29 de agosto de 2014 o prazo de pagamento de d\u00e9bito de parcelamento do ICMS recolhido a menor, referente a parcelas vencidas nos dias 30 ou 31 de julho de 2014, desde que, cumulativamente:<\/p>\n\n\n\n<p class=\"wp-block-paragraph\">I &#8211; o Documento de Arrecada\u00e7\u00e3o Estadual &#8211; DAE tenha sido expedido com valor a menor em decorr\u00eancia de erro na atualiza\u00e7\u00e3o do valor da parcela pela Secretaria de Estado da Fazenda &#8211; SEFAZ;<\/p>\n\n\n\n<p class=\"wp-block-paragraph\">II &#8211; o contribuinte tenha recolhido tempestivamente o valor constante do DAE.<\/p>\n\n\n\n<p class=\"wp-block-paragraph\">Art. 2\u00ba&nbsp; N\u00e3o implicar\u00e1 perda da regularidade fiscal para fins do disposto no art. 96-A do Regulamento do ICMS do Estado do Acre, aprovado pelo Decreto n\u00ba 008, de 26 de janeiro de 1998, o pagamento tempestivo da parcela na forma do artigo anterior.<\/p>\n\n\n\n<p class=\"wp-block-paragraph\">Art. 3\u00ba&nbsp; Esta Portaria entra em vigor na data de sua publica\u00e7\u00e3o.<\/p>\n\n\n\n<p class=\"wp-block-paragraph\">Rio Branco-Acre, 27 de agosto de 2014.<\/p>\n","protected":false},"excerpt":{"rendered":"<p>Disp\u00f5e sobre a prorroga\u00e7\u00e3o do prazo para pagamento de d\u00e9bitos relacionados ao ICMS no caso que especifica.<\/p>\n","protected":false},"author":5,"featured_media":0,"comment_status":"closed","ping_status":"closed","sticky":false,"template":"","format":"standard","meta":{"_acf_changed":false,"footnotes":""},"categories":[3,33],"tags":[35],"class_list":["post-13293","post","type-post","status-publish","format-standard","hentry","category-legislacao","category-portarias","tag-icms"],"acf":[],"_links":{"self":[{"href":"https:\/\/sefaz.ac.gov.br\/2021\/index.php?rest_route=\/wp\/v2\/posts\/13293","targetHints":{"allow":["GET"]}}],"collection":[{"href":"https:\/\/sefaz.ac.gov.br\/2021\/index.php?rest_route=\/wp\/v2\/posts"}],"about":[{"href":"https:\/\/sefaz.ac.gov.br\/2021\/index.php?rest_route=\/wp\/v2\/types\/post"}],"author":[{"embeddable":true,"href":"https:\/\/sefaz.ac.gov.br\/2021\/index.php?rest_route=\/wp\/v2\/users\/5"}],"replies":[{"embeddable":true,"href":"https:\/\/sefaz.ac.gov.br\/2021\/index.php?rest_route=%2Fwp%2Fv2%2Fcomments&post=13293"}],"version-history":[{"count":0,"href":"https:\/\/sefaz.ac.gov.br\/2021\/index.php?rest_route=\/wp\/v2\/posts\/13293\/revisions"}],"wp:attachment":[{"href":"https:\/\/sefaz.ac.gov.br\/2021\/index.php?rest_route=%2Fwp%2Fv2%2Fmedia&parent=13293"}],"wp:term":[{"taxonomy":"category","embeddable":true,"href":"https:\/\/sefaz.ac.gov.br\/2021\/index.php?rest_route=%2Fwp%2Fv2%2Fcategories&post=13293"},{"taxonomy":"post_tag","embeddable":true,"href":"https:\/\/sefaz.ac.gov.br\/2021\/index.php?rest_route=%2Fwp%2Fv2%2Ftags&post=13293"}],"curies":[{"name":"wp","href":"https:\/\/api.w.org\/{rel}","templated":true}]}}