{"id":13290,"date":"2014-08-08T14:49:34","date_gmt":"2014-08-08T17:49:34","guid":{"rendered":"http:\/\/sefaz.acre.gov.br:80\/2021\/?p=13290"},"modified":"2023-04-26T10:05:16","modified_gmt":"2023-04-26T13:05:16","slug":"portaria-no-466-de-8-de-agosto-de-2014","status":"publish","type":"post","link":"https:\/\/sefaz.ac.gov.br\/2021\/?p=13290","title":{"rendered":"PORTARIA N\u00ba 466, DE 8 DE AGOSTO DE 2014"},"content":{"rendered":"\n<p class=\"wp-block-paragraph\"><strong>A SECRET\u00c1RIA DE ESTADO DA FAZENDA<\/strong>, no uso das atribui\u00e7\u00f5es legais que lhe confere o Decreto n\u00ba 8.056\/2014;<\/p>\n\n\n\n<p class=\"wp-block-paragraph\"><strong>&nbsp;CONSIDERANDO<\/strong> o art. 65, II do Regimento Interno da Secretaria de Estado da Fazenda, aprovado pelo Decreto n.\u00ba 183, de 6 de outubro de 1975;<\/p>\n\n\n\n<p class=\"wp-block-paragraph\"><strong>&nbsp;CONSIDERANDO<\/strong> o art. 519 do Regulamento do ICMS do Estado do Acre, aprovado pelo Decreto n\u00ba 008, de 26 de janeiro de 1998;<\/p>\n\n\n\n<p class=\"wp-block-paragraph\"><strong>&nbsp;CONSIDERANDO<\/strong> o art. 3\u00ba do Decreto n\u00ba 1.757, de 29 de abril de 2011; e<\/p>\n\n\n\n<p class=\"wp-block-paragraph\"><strong>&nbsp;CONSIDERANDO<\/strong> que problemas log\u00edsticos impediram a entrega tempestiva da primeira parcela das Notifica\u00e7\u00f5es Especiais de d\u00e9bitos do ICMS antecipa\u00e7\u00e3o tribut\u00e1ria da primeira quinzena de junho de 2014, com vencimento em 30 de julho de 2014, relativas aos contribuintes domiciliados no munic\u00edpio de Manuel Urbano;<\/p>\n\n\n\n<p class=\"wp-block-paragraph\"><strong>RESOLVE:<\/strong><\/p>\n\n\n\n<p class=\"wp-block-paragraph\">Art. 1\u00ba&nbsp; &nbsp;Fica prorrogado para &nbsp;20 de agosto de 2014, o prazo para pagamento da primeira parcela das Notifica\u00e7\u00f5es Especiais do ICMS devido por antecipa\u00e7\u00e3o tribut\u00e1ria, referente ao per\u00edodo de apura\u00e7\u00e3o da primeira quinzena de junho de 2014, com vencimento em 30 de julho de 2014, em rela\u00e7\u00e3o aos contribuintes domiciliados no munic\u00edpio de Manuel Urbano.<\/p>\n\n\n\n<p class=\"wp-block-paragraph\">Par\u00e1grafo \u00fanico. &nbsp;A prorroga\u00e7\u00e3o prevista no <strong>caput<\/strong> n\u00e3o autoriza a restitui\u00e7\u00e3o ou compensa\u00e7\u00e3o de import\u00e2ncias j\u00e1 recolhidas.<\/p>\n\n\n\n<p class=\"wp-block-paragraph\">Art. 2\u00ba Esta Portaria entra em vigor na data de sua publica\u00e7\u00e3o.<\/p>\n\n\n\n<p class=\"wp-block-paragraph\">Rio Branco-Acre, 8 de agosto de 2014.<\/p>\n","protected":false},"excerpt":{"rendered":"<p>Disp\u00f5e sobre a prorroga\u00e7\u00e3o do prazo para pagamento de d\u00e9bitos relacionados ao ICMS nos casos que especifica.<\/p>\n","protected":false},"author":5,"featured_media":0,"comment_status":"closed","ping_status":"closed","sticky":false,"template":"","format":"standard","meta":{"_acf_changed":false,"footnotes":""},"categories":[3,33],"tags":[35],"class_list":["post-13290","post","type-post","status-publish","format-standard","hentry","category-legislacao","category-portarias","tag-icms"],"acf":[],"_links":{"self":[{"href":"https:\/\/sefaz.ac.gov.br\/2021\/index.php?rest_route=\/wp\/v2\/posts\/13290","targetHints":{"allow":["GET"]}}],"collection":[{"href":"https:\/\/sefaz.ac.gov.br\/2021\/index.php?rest_route=\/wp\/v2\/posts"}],"about":[{"href":"https:\/\/sefaz.ac.gov.br\/2021\/index.php?rest_route=\/wp\/v2\/types\/post"}],"author":[{"embeddable":true,"href":"https:\/\/sefaz.ac.gov.br\/2021\/index.php?rest_route=\/wp\/v2\/users\/5"}],"replies":[{"embeddable":true,"href":"https:\/\/sefaz.ac.gov.br\/2021\/index.php?rest_route=%2Fwp%2Fv2%2Fcomments&post=13290"}],"version-history":[{"count":0,"href":"https:\/\/sefaz.ac.gov.br\/2021\/index.php?rest_route=\/wp\/v2\/posts\/13290\/revisions"}],"wp:attachment":[{"href":"https:\/\/sefaz.ac.gov.br\/2021\/index.php?rest_route=%2Fwp%2Fv2%2Fmedia&parent=13290"}],"wp:term":[{"taxonomy":"category","embeddable":true,"href":"https:\/\/sefaz.ac.gov.br\/2021\/index.php?rest_route=%2Fwp%2Fv2%2Fcategories&post=13290"},{"taxonomy":"post_tag","embeddable":true,"href":"https:\/\/sefaz.ac.gov.br\/2021\/index.php?rest_route=%2Fwp%2Fv2%2Ftags&post=13290"}],"curies":[{"name":"wp","href":"https:\/\/api.w.org\/{rel}","templated":true}]}}