{"id":13284,"date":"2014-06-02T14:47:10","date_gmt":"2014-06-02T17:47:10","guid":{"rendered":"http:\/\/sefaz.acre.gov.br:80\/2021\/?p=13284"},"modified":"2023-04-26T09:58:42","modified_gmt":"2023-04-26T12:58:42","slug":"portaria-no-313-de-2-de-junho-de-2014","status":"publish","type":"post","link":"https:\/\/sefaz.ac.gov.br\/2021\/?p=13284","title":{"rendered":"PORTARIA N\u00ba 313, DE 2 DE JUNHO DE 2014"},"content":{"rendered":"\n<p class=\"wp-block-paragraph\"><strong>A SECRET\u00c1RIA DE ESTADO DA FAZENDA<\/strong>, no uso das atribui\u00e7\u00f5es legais que lhe confere o Decreto n\u00ba 7.296, de 3 de abril de 2014;<\/p>\n\n\n\n<p class=\"wp-block-paragraph\"><strong>&nbsp;CONSIDERANDO<\/strong> o art. 65, II do Regimento Interno da Secretaria de Estado da Fazenda, aprovado pelo Decreto n.\u00ba 183, de 6 de outubro de 1975;<\/p>\n\n\n\n<p class=\"wp-block-paragraph\"><strong>&nbsp;CONSIDERANDO<\/strong> o art. 519 do Regulamento do ICMS do Estado do Acre, aprovado pelo Decreto n\u00ba 008, de 26 de janeiro de 1998; e<\/p>\n\n\n\n<p class=\"wp-block-paragraph\"><strong>&nbsp;CONSIDERANDO<\/strong>, ainda, que problemas t\u00e9cnicos no Sistema de Administra\u00e7\u00e3o Tribut\u00e1ria \u2013 SIAT impediram o funcionamento normal do servi\u00e7o de atendimento das ag\u00eancias da SEFAZ;<\/p>\n\n\n\n<p class=\"wp-block-paragraph\"><strong>RESOLVE:<\/strong><\/p>\n\n\n\n<p class=\"wp-block-paragraph\">Art. 1\u00ba&nbsp; Fica prorrogado para &nbsp;6 de junho de 2014 o prazo para pagamento de notifica\u00e7\u00f5es fiscais do ICMS antecipa\u00e7\u00e3o tribut\u00e1ria com vencimento em 2 de junho do ano corrente.<\/p>\n\n\n\n<p class=\"wp-block-paragraph\">Par\u00e1grafo \u00fanico. A prorroga\u00e7\u00e3o prevista no <strong>caput<\/strong> n\u00e3o autoriza a restitui\u00e7\u00e3o\/compensa\u00e7\u00e3o de import\u00e2ncias j\u00e1 recolhidas.<\/p>\n\n\n\n<p class=\"wp-block-paragraph\">Art. 2\u00ba Esta Portaria entra em vigor na data de sua publica\u00e7\u00e3o.<\/p>\n\n\n\n<p class=\"wp-block-paragraph\">Rio Branco-Acre, 2 de junho de 2014.<\/p>\n","protected":false},"excerpt":{"rendered":"<p>Disp\u00f5e sobre a prorroga\u00e7\u00e3o do prazo para pagamento de d\u00e9bitos relacionados ao ICMS.<\/p>\n","protected":false},"author":5,"featured_media":0,"comment_status":"closed","ping_status":"closed","sticky":false,"template":"","format":"standard","meta":{"_acf_changed":false,"footnotes":""},"categories":[3,33],"tags":[35],"class_list":["post-13284","post","type-post","status-publish","format-standard","hentry","category-legislacao","category-portarias","tag-icms"],"acf":[],"_links":{"self":[{"href":"https:\/\/sefaz.ac.gov.br\/2021\/index.php?rest_route=\/wp\/v2\/posts\/13284","targetHints":{"allow":["GET"]}}],"collection":[{"href":"https:\/\/sefaz.ac.gov.br\/2021\/index.php?rest_route=\/wp\/v2\/posts"}],"about":[{"href":"https:\/\/sefaz.ac.gov.br\/2021\/index.php?rest_route=\/wp\/v2\/types\/post"}],"author":[{"embeddable":true,"href":"https:\/\/sefaz.ac.gov.br\/2021\/index.php?rest_route=\/wp\/v2\/users\/5"}],"replies":[{"embeddable":true,"href":"https:\/\/sefaz.ac.gov.br\/2021\/index.php?rest_route=%2Fwp%2Fv2%2Fcomments&post=13284"}],"version-history":[{"count":0,"href":"https:\/\/sefaz.ac.gov.br\/2021\/index.php?rest_route=\/wp\/v2\/posts\/13284\/revisions"}],"wp:attachment":[{"href":"https:\/\/sefaz.ac.gov.br\/2021\/index.php?rest_route=%2Fwp%2Fv2%2Fmedia&parent=13284"}],"wp:term":[{"taxonomy":"category","embeddable":true,"href":"https:\/\/sefaz.ac.gov.br\/2021\/index.php?rest_route=%2Fwp%2Fv2%2Fcategories&post=13284"},{"taxonomy":"post_tag","embeddable":true,"href":"https:\/\/sefaz.ac.gov.br\/2021\/index.php?rest_route=%2Fwp%2Fv2%2Ftags&post=13284"}],"curies":[{"name":"wp","href":"https:\/\/api.w.org\/{rel}","templated":true}]}}