{"id":13275,"date":"2014-03-28T14:40:22","date_gmt":"2014-03-28T17:40:22","guid":{"rendered":"http:\/\/sefaz.acre.gov.br:80\/2021\/?p=13275"},"modified":"2023-04-26T09:57:40","modified_gmt":"2023-04-26T12:57:40","slug":"portaria-no-192-de-28-de-marco-de-2014","status":"publish","type":"post","link":"https:\/\/sefaz.ac.gov.br\/2021\/?p=13275","title":{"rendered":"PORTARIA N\u00ba 192, DE 28 DE MAR\u00c7O DE 2014"},"content":{"rendered":"\n<p class=\"wp-block-paragraph\"><strong>O SECRETARIO DE ESTADO DA FAZENDA,<\/strong> no uso de suas atribui\u00e7\u00f5es legais que lhe confere o Decreto n\u00ba 5.673, de 22 de abril de 2013,<\/p>\n\n\n\n<p class=\"wp-block-paragraph\"><strong>&nbsp;CONSIDERANDO<\/strong> o disposto no art. 65, II, do Decreto n.\u00ba 183, de 6 de outubro de 1975, que aprovou o Regimento Interno da Secretaria de Estado da Fazenda,<\/p>\n\n\n\n<p class=\"wp-block-paragraph\"><strong>&nbsp;CONSIDERANDO<\/strong> o disposto no art. 4\u00ba do Decreto n\u00ba 4.795, de 23 de novembro de 2009,<\/p>\n\n\n\n<p class=\"wp-block-paragraph\"><strong>&nbsp;CONSIDERANDO<\/strong> a necessidade de disciplinar a remo\u00e7\u00e3o, a pedido, de Auditor da Receita Estadual,<\/p>\n\n\n\n<p class=\"wp-block-paragraph\"><strong>&nbsp;CONSIDERANDO<\/strong> a preced\u00eancia dos servidores mais antigos no cargo para preenchimento de vagas nas unidades da Secretaria de Estado da Fazenda,<\/p>\n\n\n\n<p class=\"wp-block-paragraph\"><strong>RESOLVE:<\/strong><\/p>\n\n\n\n<p class=\"wp-block-paragraph\">Art. 1\u00ba &nbsp;Esta portaria disciplina os procedimentos de remo\u00e7\u00e3o, a pedido, de ocupantes do cargo de Auditor da Receita Estadual para as unidades da Secretaria de Estado da Fazenda &#8211; SEFAZ\/AC.<\/p>\n\n\n\n<p class=\"wp-block-paragraph\">\u00a7 1\u00ba &nbsp;O pedido de remo\u00e7\u00e3o ser\u00e1 formalizado mediante <strong>Termo de Op\u00e7\u00e3o de Lota\u00e7\u00e3o &#8211; TOL<\/strong>, coforme modelo constante do <strong>Anexo I<\/strong> desta Portaria.<\/p>\n\n\n\n<p class=\"wp-block-paragraph\">\u00a7 2\u00ba&nbsp; O interessado concorrer\u00e1 \u00e0s vagas constantes do <strong>Anexo II<\/strong> desta Portaria.<\/p>\n\n\n\n<p class=\"wp-block-paragraph\">Art. 2\u00ba &nbsp;O interessado dever\u00e1 encaminhar o <strong>TOL <\/strong>\u00e0 Diretoria <strong>de Administra\u00e7\u00e3o Tribut\u00e1ria<\/strong> com a indica\u00e7\u00e3o, por ordem de prefer\u00eancia, das unidades pretendidas, no per\u00edodo compreendido entre 31 de mar\u00e7o a 4 de abril de 2014.<\/p>\n\n\n\n<p class=\"wp-block-paragraph\">Par\u00e1grafo \u00fanico.&nbsp; A pedido do interessado, a op\u00e7\u00e3o poder\u00e1 ser desconsiderada, mediante manifesta\u00e7\u00e3o da desist\u00eancia atrav\u00e9s de requerimento apresentado at\u00e9 o dia \u00fatil seguinte ao final do prazo previsto no <strong>caput<\/strong>.<\/p>\n\n\n\n<p class=\"wp-block-paragraph\">Art. 3\u00ba &nbsp;Para efeito de remo\u00e7\u00e3o ter\u00e1 preced\u00eancia o servidor mais antigo na carreira e, como crit\u00e9rios de desempate, sucessivamente, os seguintes:<\/p>\n\n\n\n<p class=\"wp-block-paragraph\">I &#8211; detentores de curso de gradua\u00e7\u00e3o;<\/p>\n\n\n\n<p class=\"wp-block-paragraph\">II &#8211; detentores de curso de especializa\u00e7\u00e3o;<\/p>\n\n\n\n<p class=\"wp-block-paragraph\">III &#8211; percentagem de titula\u00e7\u00e3o que recebe; e<\/p>\n\n\n\n<p class=\"wp-block-paragraph\">IV &#8211; idade maior.<\/p>\n\n\n\n<p class=\"wp-block-paragraph\">Par\u00e1grafo \u00fanico.&nbsp; A antiguidade ser\u00e1 aferida pela data da posse no cargo, salvo no caso de empossados em decorr\u00eancia do mesmo concurso, caso em que ser\u00e1 observada a ordem de classifica\u00e7\u00e3o.<\/p>\n\n\n\n<p class=\"wp-block-paragraph\">Art. 4\u00ba &nbsp;Esta Portaria entra em vigor na data de sua publica\u00e7\u00e3o.<\/p>\n\n\n\n<p class=\"wp-block-paragraph\">Rio Branco &#8211; Acre, 28 de mar\u00e7o de 2014.<\/p>\n","protected":false},"excerpt":{"rendered":"<p>Estabelece procedimentos para remo\u00e7\u00e3o, a pedido, de ocupantes do cargo de Auditor da Receita Estadual.<\/p>\n","protected":false},"author":5,"featured_media":0,"comment_status":"closed","ping_status":"closed","sticky":false,"template":"","format":"standard","meta":{"_acf_changed":false,"footnotes":""},"categories":[3,33],"tags":[73],"class_list":["post-13275","post","type-post","status-publish","format-standard","hentry","category-legislacao","category-portarias","tag-legislacao-institucional-e-funcional"],"acf":[],"_links":{"self":[{"href":"https:\/\/sefaz.ac.gov.br\/2021\/index.php?rest_route=\/wp\/v2\/posts\/13275","targetHints":{"allow":["GET"]}}],"collection":[{"href":"https:\/\/sefaz.ac.gov.br\/2021\/index.php?rest_route=\/wp\/v2\/posts"}],"about":[{"href":"https:\/\/sefaz.ac.gov.br\/2021\/index.php?rest_route=\/wp\/v2\/types\/post"}],"author":[{"embeddable":true,"href":"https:\/\/sefaz.ac.gov.br\/2021\/index.php?rest_route=\/wp\/v2\/users\/5"}],"replies":[{"embeddable":true,"href":"https:\/\/sefaz.ac.gov.br\/2021\/index.php?rest_route=%2Fwp%2Fv2%2Fcomments&post=13275"}],"version-history":[{"count":0,"href":"https:\/\/sefaz.ac.gov.br\/2021\/index.php?rest_route=\/wp\/v2\/posts\/13275\/revisions"}],"wp:attachment":[{"href":"https:\/\/sefaz.ac.gov.br\/2021\/index.php?rest_route=%2Fwp%2Fv2%2Fmedia&parent=13275"}],"wp:term":[{"taxonomy":"category","embeddable":true,"href":"https:\/\/sefaz.ac.gov.br\/2021\/index.php?rest_route=%2Fwp%2Fv2%2Fcategories&post=13275"},{"taxonomy":"post_tag","embeddable":true,"href":"https:\/\/sefaz.ac.gov.br\/2021\/index.php?rest_route=%2Fwp%2Fv2%2Ftags&post=13275"}],"curies":[{"name":"wp","href":"https:\/\/api.w.org\/{rel}","templated":true}]}}