{"id":13271,"date":"2014-02-26T14:33:55","date_gmt":"2014-02-26T17:33:55","guid":{"rendered":"http:\/\/sefaz.acre.gov.br:80\/2021\/?p=13271"},"modified":"2023-04-26T09:56:07","modified_gmt":"2023-04-26T12:56:07","slug":"portaria-no-112-de-26-de-fevereiro-de-2014","status":"publish","type":"post","link":"https:\/\/sefaz.ac.gov.br\/2021\/?p=13271","title":{"rendered":"PORTARIA N\u00ba 112, DE 26 DE FEVEREIRO DE 2014"},"content":{"rendered":"\n<p class=\"wp-block-paragraph\"><strong>O SECRET\u00c1RIO DE ESTADO DA FAZENDA<\/strong>, no uso de suas atribui\u00e7\u00f5es legais,<\/p>\n\n\n\n<p class=\"wp-block-paragraph\"><strong>CONSIDERANDO<\/strong> o disposto no art. 65, II, do Decreto n\u00ba 183, de 6 de outubro de 1975, que aprovou o Regimento Interno da Secretaria de Estado da Fazenda,<\/p>\n\n\n\n<p class=\"wp-block-paragraph\"><strong>CONSIDERANDO<\/strong> o disposto no art. 519 do Decreto n\u00ba 008, de 26 de janeiro de 1998, que aprovou o Regulamento do ICMS no Estado do Acre, e<\/p>\n\n\n\n<p class=\"wp-block-paragraph\"><strong>CONSIDERANDO<\/strong> a necessidade de imprimir celeridade aos procedimentos de inscri\u00e7\u00e3o, altera\u00e7\u00e3o e baixa no Cadastro de Contribuintes do ICMS,<\/p>\n\n\n\n<p class=\"wp-block-paragraph\"><strong>RESOLVE:<\/strong><\/p>\n\n\n\n<p class=\"wp-block-paragraph\">Art. 1\u00ba Fica acrescentado o Art. 12-A \u00e0 Portaria n\u00ba 736, de 26 de dezembro de 2011, com a seguinte reda\u00e7\u00e3o:<\/p>\n\n\n\n<blockquote class=\"wp-block-quote is-layout-flow wp-block-quote-is-layout-flow\">\n<p class=\"wp-block-paragraph\">\u201cArt. 12-A. A partir de 1\u00ba de abril de 2014, a solicita\u00e7\u00e3o de cadastro, altera\u00e7\u00e3o e baixa de inscri\u00e7\u00e3o estadual se far\u00e1 obrigatoriamente com o pr\u00e9vio preenchimento e envio eletr\u00f4nico da Ficha de Inscri\u00e7\u00e3o e Atualiza\u00e7\u00e3o Cadastral \u2013 FAC Online por meio do s\u00edtio <a href=\"http:\/\/www.sefaz.ac.gov.br\">www.sefaz.ac.gov.br<\/a>, a qual dever\u00e1 ser impressa e subscrita pelo Requerente e contabilista, se houver, para sua posterior apresenta\u00e7\u00e3o \u00e0 SEFAZ em uma \u00fanica via.<\/p>\n\n\n\n<p class=\"wp-block-paragraph\">Par\u00e1grafo \u00fanico. A FAC Online ser\u00e1 preenchida observando-se a especificidade de cada situa\u00e7\u00e3o solicitada, de acordo com o modelo b\u00e1sico constante do Anexo \u00danico desta Portaria.<\/p>\n<\/blockquote>\n\n\n\n<p class=\"wp-block-paragraph\">Art. 2\u00ba O Anexo \u00danico da Portaria n\u00ba 736, de 26 de dezembro de 2011, passa a vigorar de acordo com o modelo constante do Anexo \u00danico desta Portaria.<\/p>\n\n\n\n<p class=\"wp-block-paragraph\">Art. 3\u00ba Esta Portaria entra em vigor na data de sua publica\u00e7\u00e3o. <\/p>\n\n\n\n<p class=\"wp-block-paragraph\">Rio Branco &#8211; Acre, 26 de fevereiro de 2014.<\/p>\n","protected":false},"excerpt":{"rendered":"<p>Altera a Portaria n\u00ba 736, de 26 de dezembro de 2011, para tornar obrigat\u00f3rio o preenchimento e o envio eletr\u00f4nico da Ficha de Inscri\u00e7\u00e3o e Atualiza\u00e7\u00e3o Cadastral \u2013 FAC por meio do portal da SEFAZ na internet. <\/p>\n","protected":false},"author":5,"featured_media":0,"comment_status":"closed","ping_status":"closed","sticky":false,"template":"","format":"standard","meta":{"_acf_changed":false,"footnotes":""},"categories":[3,33],"tags":[35],"class_list":["post-13271","post","type-post","status-publish","format-standard","hentry","category-legislacao","category-portarias","tag-icms"],"acf":[],"_links":{"self":[{"href":"https:\/\/sefaz.ac.gov.br\/2021\/index.php?rest_route=\/wp\/v2\/posts\/13271","targetHints":{"allow":["GET"]}}],"collection":[{"href":"https:\/\/sefaz.ac.gov.br\/2021\/index.php?rest_route=\/wp\/v2\/posts"}],"about":[{"href":"https:\/\/sefaz.ac.gov.br\/2021\/index.php?rest_route=\/wp\/v2\/types\/post"}],"author":[{"embeddable":true,"href":"https:\/\/sefaz.ac.gov.br\/2021\/index.php?rest_route=\/wp\/v2\/users\/5"}],"replies":[{"embeddable":true,"href":"https:\/\/sefaz.ac.gov.br\/2021\/index.php?rest_route=%2Fwp%2Fv2%2Fcomments&post=13271"}],"version-history":[{"count":0,"href":"https:\/\/sefaz.ac.gov.br\/2021\/index.php?rest_route=\/wp\/v2\/posts\/13271\/revisions"}],"wp:attachment":[{"href":"https:\/\/sefaz.ac.gov.br\/2021\/index.php?rest_route=%2Fwp%2Fv2%2Fmedia&parent=13271"}],"wp:term":[{"taxonomy":"category","embeddable":true,"href":"https:\/\/sefaz.ac.gov.br\/2021\/index.php?rest_route=%2Fwp%2Fv2%2Fcategories&post=13271"},{"taxonomy":"post_tag","embeddable":true,"href":"https:\/\/sefaz.ac.gov.br\/2021\/index.php?rest_route=%2Fwp%2Fv2%2Ftags&post=13271"}],"curies":[{"name":"wp","href":"https:\/\/api.w.org\/{rel}","templated":true}]}}