{"id":13252,"date":"2013-10-31T14:09:45","date_gmt":"2013-10-31T16:09:45","guid":{"rendered":"http:\/\/sefaz.acre.gov.br:80\/2021\/?p=13252"},"modified":"2023-04-26T09:50:38","modified_gmt":"2023-04-26T12:50:38","slug":"portaria-no-774-de-31-de-outubro-de-2013","status":"publish","type":"post","link":"https:\/\/sefaz.ac.gov.br\/2021\/?p=13252","title":{"rendered":"PORTARIA N\u00ba 774 , DE 31 DE OUTUBRO DE 2013"},"content":{"rendered":"\n<p class=\"wp-block-paragraph\"><strong>O SECRET\u00c1RIO DE ESTADO DA FAZENDA<\/strong>, no uso de suas atribui\u00e7\u00f5es legais definidas no Decreto n\u00ba 183, de 6 de outubro de 1975,<strong>&nbsp;&nbsp;&nbsp;&nbsp;&nbsp;&nbsp;&nbsp;&nbsp;&nbsp;&nbsp;&nbsp;&nbsp;&nbsp;&nbsp;&nbsp;&nbsp;&nbsp;&nbsp;&nbsp;&nbsp;&nbsp;&nbsp;<\/strong><\/p>\n\n\n\n<p class=\"wp-block-paragraph\"><strong>R E S O L V E<\/strong>:<\/p>\n\n\n\n<p class=\"wp-block-paragraph\">Art. 1\u00ba&nbsp; A portaria n\u00ba 314, de 21 de maio de 2013, passa a vigorar com a seguinte reda\u00e7\u00e3o:<\/p>\n\n\n\n<blockquote class=\"wp-block-quote is-layout-flow wp-block-quote-is-layout-flow\">\n<p class=\"wp-block-paragraph\">\u201c&#8230;<\/p>\n\n\n\n<p class=\"wp-block-paragraph\">Art. 2\u00ba &nbsp;O disposto nesta Portaria se aplica \u00e0 presta\u00e7\u00e3o de servi\u00e7o de transporte que tenha in\u00edcio no Estado do Acre e atenda, pelo menos, uma das seguintes hip\u00f3teses:<\/p>\n\n\n\n<p class=\"wp-block-paragraph\">I &#8211; sejam realizadas por transportadores aut\u00f4nomos ou empresas transportadoras de outra unidade da Federa\u00e7\u00e3o n\u00e3o inscrita no cadastro de contribuintes deste Estado; (NR)<\/p>\n\n\n\n<p class=\"wp-block-paragraph\">&#8230;<\/p>\n\n\n\n<p class=\"wp-block-paragraph\">Art. 2\u00ba-A.&nbsp; O transportador dever\u00e1 emitir o Documento de Arrecada\u00e7\u00e3o Estadual \u2013 DAE no endere\u00e7o eletr\u00f4nico <a href=\"http:\/\/www.sefaznet.ac.gov.br\/sefazonline\">www.sefaznet.ac.gov.br\/sefazonline<\/a>, e recolher o imposto devido, obrigatoriamente, na rede banc\u00e1ria autorizada, antes de iniciada a presta\u00e7\u00e3o de servi\u00e7o de transporte.\u201d<\/p>\n<\/blockquote>\n\n\n\n<p class=\"wp-block-paragraph\">Art. 2\u00b0&nbsp; Esta Portaria entra em vigor na data de sua publica\u00e7\u00e3o.<\/p>\n\n\n\n<p class=\"wp-block-paragraph\">Registre-se, Publique-se e Cumpra-se<\/p>\n\n\n\n<p class=\"wp-block-paragraph\">Rio Branco, 31 de outubro de 2013.<\/p>\n","protected":false},"excerpt":{"rendered":"<p>Altera dispositivos da Portaria n\u00ba 314, de 21 de maio de 2013, que estabelece valores para cobran\u00e7a do ICMS na presta\u00e7\u00e3o de servi\u00e7o de transporte rodovi\u00e1rio intermunicipal e interestadual de cargas no mercado acreano.<\/p>\n","protected":false},"author":5,"featured_media":0,"comment_status":"closed","ping_status":"closed","sticky":false,"template":"","format":"standard","meta":{"_acf_changed":false,"footnotes":""},"categories":[3,33],"tags":[35],"class_list":["post-13252","post","type-post","status-publish","format-standard","hentry","category-legislacao","category-portarias","tag-icms"],"acf":[],"_links":{"self":[{"href":"https:\/\/sefaz.ac.gov.br\/2021\/index.php?rest_route=\/wp\/v2\/posts\/13252","targetHints":{"allow":["GET"]}}],"collection":[{"href":"https:\/\/sefaz.ac.gov.br\/2021\/index.php?rest_route=\/wp\/v2\/posts"}],"about":[{"href":"https:\/\/sefaz.ac.gov.br\/2021\/index.php?rest_route=\/wp\/v2\/types\/post"}],"author":[{"embeddable":true,"href":"https:\/\/sefaz.ac.gov.br\/2021\/index.php?rest_route=\/wp\/v2\/users\/5"}],"replies":[{"embeddable":true,"href":"https:\/\/sefaz.ac.gov.br\/2021\/index.php?rest_route=%2Fwp%2Fv2%2Fcomments&post=13252"}],"version-history":[{"count":0,"href":"https:\/\/sefaz.ac.gov.br\/2021\/index.php?rest_route=\/wp\/v2\/posts\/13252\/revisions"}],"wp:attachment":[{"href":"https:\/\/sefaz.ac.gov.br\/2021\/index.php?rest_route=%2Fwp%2Fv2%2Fmedia&parent=13252"}],"wp:term":[{"taxonomy":"category","embeddable":true,"href":"https:\/\/sefaz.ac.gov.br\/2021\/index.php?rest_route=%2Fwp%2Fv2%2Fcategories&post=13252"},{"taxonomy":"post_tag","embeddable":true,"href":"https:\/\/sefaz.ac.gov.br\/2021\/index.php?rest_route=%2Fwp%2Fv2%2Ftags&post=13252"}],"curies":[{"name":"wp","href":"https:\/\/api.w.org\/{rel}","templated":true}]}}