{"id":13249,"date":"2013-10-31T14:08:03","date_gmt":"2013-10-31T16:08:03","guid":{"rendered":"http:\/\/sefaz.acre.gov.br:80\/2021\/?p=13249"},"modified":"2023-04-26T09:49:34","modified_gmt":"2023-04-26T12:49:34","slug":"portaria-no-773-de-31-de-outubro-de-2013","status":"publish","type":"post","link":"https:\/\/sefaz.ac.gov.br\/2021\/?p=13249","title":{"rendered":"PORTARIA N\u00ba 773 DE 31 DE OUTUBRO DE 2013"},"content":{"rendered":"\n<p class=\"wp-block-paragraph\"><strong>O SECRET\u00c1RIO DE ESTADO DA FAZENDA<\/strong>, no uso da atribui\u00e7\u00e3o que lhe confere o art. 25, III do Regimento Interno da Secretaria de Estado da Fazenda, aprovado pelo Decreto n.\u00ba 183, de 6 de outubro de 1975,<\/p>\n\n\n\n<p class=\"wp-block-paragraph\"><strong>RESOLVE:<\/strong><\/p>\n\n\n\n<p class=\"wp-block-paragraph\">Art. 1\u00ba&nbsp; A Portaria n\u00ba 62, de 10 de fevereiro de 2009, passa a vigorar com a seguinte reda\u00e7\u00e3o:<\/p>\n\n\n\n<blockquote class=\"wp-block-quote is-layout-flow wp-block-quote-is-layout-flow\">\n<p class=\"wp-block-paragraph\">\u201cArt. 2\u00ba&nbsp; \u2026<\/p>\n\n\n\n<p class=\"wp-block-paragraph\">\u2026<\/p>\n\n\n\n<p class=\"wp-block-paragraph\">Art. 2\u00ba-A. &nbsp;At\u00e9 o dia 31 de janeiro de cada ano os blocos utilizados no exerc\u00edcio anterior dever\u00e3o ser devolvidos \u00e0 Secretaria de Estado da Fazenda e os n\u00e3o utilizados dever\u00e3o ser apresentados para confer\u00eancia.<\/p>\n\n\n\n<p class=\"wp-block-paragraph\">Par\u00e1grafo \u00fanico.&nbsp; N\u00e3o ser\u00e3o fornecidos novos blocos de Autoriza\u00e7\u00e3o de Transporte enquanto n\u00e3o cumprido o disposto no <strong>caput<\/strong>. (AC)<\/p>\n\n\n\n<p class=\"wp-block-paragraph\">Art. 3\u00ba &nbsp;O procedimento estabelecido nesta portaria n\u00e3o poder\u00e1 ser utilizado ap\u00f3s 31 de dezembro de 2014. (NR)\u201d<\/p>\n<\/blockquote>\n\n\n\n<p class=\"wp-block-paragraph\">Art. 2\u00ba &nbsp;&nbsp;&nbsp;Esta Portaria entra em vigor na data de sua publica\u00e7\u00e3o.<\/p>\n\n\n\n<p class=\"wp-block-paragraph\">Art. 3\u00ba &nbsp;Fica revogado o par\u00e1grafo \u00fanico do artigo 3\u00ba da Portaria n\u00ba 62, de 10 de fevereiro de 2009.<\/p>\n\n\n\n<p class=\"wp-block-paragraph\">Registre-se, Publique-se e Cumpra-se&nbsp;&nbsp;&nbsp;&nbsp;<\/p>\n\n\n\n<p class=\"wp-block-paragraph\">Rio Branco-Acre, 31 de outubro de 2013.<\/p>\n","protected":false},"excerpt":{"rendered":"<p>Altera a Portaria n\u00b0 062, de 10 de fevereiro de 2009, que \u201cEstabelece normas \u00e0 circula\u00e7\u00e3o de borracha natural bruta por extrativistas e produtores rurais\u201d.<\/p>\n","protected":false},"author":5,"featured_media":0,"comment_status":"closed","ping_status":"closed","sticky":false,"template":"","format":"standard","meta":{"_acf_changed":false,"footnotes":""},"categories":[3,33],"tags":[35],"class_list":["post-13249","post","type-post","status-publish","format-standard","hentry","category-legislacao","category-portarias","tag-icms"],"acf":[],"_links":{"self":[{"href":"https:\/\/sefaz.ac.gov.br\/2021\/index.php?rest_route=\/wp\/v2\/posts\/13249","targetHints":{"allow":["GET"]}}],"collection":[{"href":"https:\/\/sefaz.ac.gov.br\/2021\/index.php?rest_route=\/wp\/v2\/posts"}],"about":[{"href":"https:\/\/sefaz.ac.gov.br\/2021\/index.php?rest_route=\/wp\/v2\/types\/post"}],"author":[{"embeddable":true,"href":"https:\/\/sefaz.ac.gov.br\/2021\/index.php?rest_route=\/wp\/v2\/users\/5"}],"replies":[{"embeddable":true,"href":"https:\/\/sefaz.ac.gov.br\/2021\/index.php?rest_route=%2Fwp%2Fv2%2Fcomments&post=13249"}],"version-history":[{"count":0,"href":"https:\/\/sefaz.ac.gov.br\/2021\/index.php?rest_route=\/wp\/v2\/posts\/13249\/revisions"}],"wp:attachment":[{"href":"https:\/\/sefaz.ac.gov.br\/2021\/index.php?rest_route=%2Fwp%2Fv2%2Fmedia&parent=13249"}],"wp:term":[{"taxonomy":"category","embeddable":true,"href":"https:\/\/sefaz.ac.gov.br\/2021\/index.php?rest_route=%2Fwp%2Fv2%2Fcategories&post=13249"},{"taxonomy":"post_tag","embeddable":true,"href":"https:\/\/sefaz.ac.gov.br\/2021\/index.php?rest_route=%2Fwp%2Fv2%2Ftags&post=13249"}],"curies":[{"name":"wp","href":"https:\/\/api.w.org\/{rel}","templated":true}]}}