{"id":13240,"date":"2013-05-21T14:01:51","date_gmt":"2013-05-21T17:01:51","guid":{"rendered":"http:\/\/sefaz.acre.gov.br:80\/2021\/?p=13240"},"modified":"2026-05-21T12:25:44","modified_gmt":"2026-05-21T15:25:44","slug":"portaria-no-314-21-de-maio-de-2013","status":"publish","type":"post","link":"https:\/\/sefaz.ac.gov.br\/2021\/?p=13240","title":{"rendered":"PORTARIA N\u00ba 314, 21 DE MAIO DE 2013"},"content":{"rendered":"\r\n<p class=\"wp-block-paragraph\"><strong>O SECRET\u00c1RIO DE ESTADO DA FAZENDA<\/strong>, no uso de suas atribui\u00e7\u00f5es legais definidas no Decreto n\u00ba 183, de 6 de outubro de 1975,<\/p>\r\n\r\n\r\n\r\n<p class=\"wp-block-paragraph\"><strong>CONSIDERANDO<\/strong> as pesquisas de pre\u00e7os realizadas para apura\u00e7\u00e3o do valor corrente das presta\u00e7\u00f5es de servi\u00e7o de transporte rodovi\u00e1rio intermunicipal e interestadual de cargas no mercado acreano.<\/p>\r\n\r\n\r\n\r\n<p class=\"wp-block-paragraph\"><strong>R E S O L V E<\/strong>:<\/p>\r\n\r\n\r\n\r\n<p class=\"wp-block-paragraph\">Art. 1\u00ba\u00a0 Para fins de c\u00e1lculo do ICMS incidente nas presta\u00e7\u00f5es de servi\u00e7os de transporte rodovi\u00e1rio intermunicipal e interestadual de cargas, o valor da presta\u00e7\u00e3o ser\u00e1 obtido pela multiplica\u00e7\u00e3o do peso total da carga pelo pre\u00e7o do frete\/kg em fun\u00e7\u00e3o da dist\u00e2ncia a ser percorrida, de acordo com o Anexo \u00danico desta Portaria.<\/p>\r\n\r\n\r\n\r\n<p class=\"wp-block-paragraph\">Par\u00e1grafo \u00fanico. Sobre o resultado obtido na forma do <strong>caput<\/strong> ser\u00e1 concedido cr\u00e9dito presumido de vinte por cento do valor da presta\u00e7\u00e3o, nos termos do Conv\u00eanio ICMS 106\/96.<\/p>\r\n\r\n\r\n\r\n<p class=\"has-text-color wp-block-paragraph\" style=\"color: #f02b2b;\">Nova reda\u00e7\u00e3o dada ao Art. 2\u00ba, pela Portaria n\u00ba 774, de 31 de outubro de 2013. Efeitos a partir de 1\u00ba de novembro de 2013.<\/p>\r\n\r\n\r\n\r\n<p class=\"wp-block-paragraph\">Art. 2\u00ba \u00a0O disposto nesta Portaria se aplica \u00e0 presta\u00e7\u00e3o de servi\u00e7o de transporte que tenha in\u00edcio no Estado do Acre e atenda, pelo menos, uma das seguintes hip\u00f3teses:<\/p>\r\n\r\n\r\n\r\n<p class=\"wp-block-paragraph\">I &#8211; sejam realizadas por transportadores aut\u00f4nomos ou empresas transportadoras de outra unidade da Federa\u00e7\u00e3o n\u00e3o inscrita no cadastro de contribuintes deste Estado;<\/p>\r\n\r\n\r\n\r\n<blockquote class=\"wp-block-quote is-layout-flow wp-block-quote-is-layout-flow\">\r\n<p class=\"has-text-color wp-block-paragraph\" style=\"color: #08b418;\">Reda\u00e7\u00e3o original. Efeitos at\u00e9 31 de outubro de 2013<\/p>\r\n\r\n\r\n\r\n<p class=\"has-text-color wp-block-paragraph\" style=\"color: #08b418;\">Art. 2\u00ba O disposto nesta Portaria se aplica \u00e0s presta\u00e7\u00f5es, que atenda a uma das seguintes hip\u00f3teses:<\/p>\r\n\r\n\r\n\r\n<p class=\"has-text-color wp-block-paragraph\" style=\"color: #08b418;\">I \u2013 sejam realizadas por transportadores aut\u00f4nomos;<\/p>\r\n<\/blockquote>\r\n\r\n\r\n\r\n<p class=\"wp-block-paragraph\">II &#8211; sejam efetuadas com aus\u00eancia e\/ou inidoneidade do documento fiscal, sem preju\u00edzo da comina\u00e7\u00e3o de penalidade, quando for o caso;<\/p>\r\n\r\n\r\n\r\n<p class=\"wp-block-paragraph\">III &#8211; tenham o valor do servi\u00e7o de transporte inferior ao obtido na forma do art. 1\u00ba.<\/p>\r\n\r\n\r\n\r\n<p class=\"wp-block-paragraph\">Par\u00e1grafo \u00fanico.\u00a0 Prevalecer\u00e1 o valor declarado pelo transportador ou aquele constante do documento fiscal, sempre que superior ao valor da presta\u00e7\u00e3o obtido na forma do art. 1\u00ba.<\/p>\r\n\r\n\r\n\r\n<p class=\"has-text-color wp-block-paragraph\" style=\"color: #f02b2b;\">Acrescentado o Art. 2\u00ba-A., pela Portaria n\u00ba 774, de 31 de outubro de 2013. Efeitos a partir de 1\u00ba de novembro de 2013.<\/p>\r\n\r\n\r\n\r\n<p class=\"wp-block-paragraph\">Art. 2\u00ba-A.\u00a0 O transportador dever\u00e1 emitir o Documento de Arrecada\u00e7\u00e3o Estadual \u2013 DAE no endere\u00e7o eletr\u00f4nico <a href=\"http:\/\/www.sefaznet.ac.gov.br\/sefazonline\">www.sefaznet.ac.gov.br\/sefazonline<\/a>, e recolher o imposto devido, obrigatoriamente, na rede banc\u00e1ria autorizada, antes de iniciada a presta\u00e7\u00e3o de servi\u00e7o de transporte.<\/p>\r\n\r\n\r\n\r\n<p class=\"wp-block-paragraph\">Art. 3\u00b0\u00a0 Esta Portaria entra em vigor trinta dias ap\u00f3s a data de sua publica\u00e7\u00e3o.<\/p>\r\n\r\n\r\n\r\n<p class=\"wp-block-paragraph\">Art. 4\u00ba\u00a0 Fica revogada, a partir da vig\u00eancia desta, a Portaria n\u00ba 590, de 29 de dezembro de 2008.<\/p>\r\n\r\n\r\n\r\n<p class=\"wp-block-paragraph\">Rio Branco, 21 de maio de 2013.<\/p>\r\n","protected":false},"excerpt":{"rendered":"<p>Estabelece os valores para cobran\u00e7a do ICMS na presta\u00e7\u00e3o de servi\u00e7o de transporte rodovi\u00e1rio intermunicipal e interestadual de cargas no mercado acreano.<\/p>\n","protected":false},"author":5,"featured_media":0,"comment_status":"closed","ping_status":"closed","sticky":false,"template":"","format":"standard","meta":{"_acf_changed":false,"footnotes":""},"categories":[3,33],"tags":[35],"class_list":["post-13240","post","type-post","status-publish","format-standard","hentry","category-legislacao","category-portarias","tag-icms"],"acf":[],"_links":{"self":[{"href":"https:\/\/sefaz.ac.gov.br\/2021\/index.php?rest_route=\/wp\/v2\/posts\/13240","targetHints":{"allow":["GET"]}}],"collection":[{"href":"https:\/\/sefaz.ac.gov.br\/2021\/index.php?rest_route=\/wp\/v2\/posts"}],"about":[{"href":"https:\/\/sefaz.ac.gov.br\/2021\/index.php?rest_route=\/wp\/v2\/types\/post"}],"author":[{"embeddable":true,"href":"https:\/\/sefaz.ac.gov.br\/2021\/index.php?rest_route=\/wp\/v2\/users\/5"}],"replies":[{"embeddable":true,"href":"https:\/\/sefaz.ac.gov.br\/2021\/index.php?rest_route=%2Fwp%2Fv2%2Fcomments&post=13240"}],"version-history":[{"count":2,"href":"https:\/\/sefaz.ac.gov.br\/2021\/index.php?rest_route=\/wp\/v2\/posts\/13240\/revisions"}],"predecessor-version":[{"id":24216,"href":"https:\/\/sefaz.ac.gov.br\/2021\/index.php?rest_route=\/wp\/v2\/posts\/13240\/revisions\/24216"}],"wp:attachment":[{"href":"https:\/\/sefaz.ac.gov.br\/2021\/index.php?rest_route=%2Fwp%2Fv2%2Fmedia&parent=13240"}],"wp:term":[{"taxonomy":"category","embeddable":true,"href":"https:\/\/sefaz.ac.gov.br\/2021\/index.php?rest_route=%2Fwp%2Fv2%2Fcategories&post=13240"},{"taxonomy":"post_tag","embeddable":true,"href":"https:\/\/sefaz.ac.gov.br\/2021\/index.php?rest_route=%2Fwp%2Fv2%2Ftags&post=13240"}],"curies":[{"name":"wp","href":"https:\/\/api.w.org\/{rel}","templated":true}]}}