{"id":13237,"date":"2013-01-18T13:58:16","date_gmt":"2013-01-18T15:58:16","guid":{"rendered":"http:\/\/sefaz.acre.gov.br:80\/2021\/?p=13237"},"modified":"2023-04-26T09:44:26","modified_gmt":"2023-04-26T12:44:26","slug":"portaria-no-020-de-18-de-janeiro-de-2013","status":"publish","type":"post","link":"https:\/\/sefaz.ac.gov.br\/2021\/?p=13237","title":{"rendered":"PORTARIA N\u00ba 020, DE 18 DE JANEIRO DE 2013"},"content":{"rendered":"\n<p class=\"wp-block-paragraph\"><strong>O SECRET\u00c1RIO DE ESTADO DA FAZENDA<\/strong>, no uso de suas atribui\u00e7\u00f5es legais, e<\/p>\n\n\n\n<p class=\"wp-block-paragraph\"><strong>CONSIDERANDO<\/strong> o disposto no art. 519 do Regulamento do ICMS do Estado do Acre, aprovado pelo Decreto n\u00ba 008, de 26 de janeiro de 1998;<\/p>\n\n\n\n<p class=\"wp-block-paragraph\"><strong>CONSIDERANDO<\/strong> a recodifica\u00e7\u00e3o da cidade de Rio Branco efetuada pela Empresa Brasileira de Correios e Tel\u00e9grafos \u2013 ECT;<\/p>\n\n\n\n<p class=\"wp-block-paragraph\"><strong>CONSIDERANDO<\/strong> a necessidade de promover a atualiza\u00e7\u00e3o no endere\u00e7o de cadastro e de correspond\u00eancia dos contribuintes, para efeitos de garantir a entrega de notifica\u00e7\u00f5es e demais documentos fiscais,<\/p>\n\n\n\n<p class=\"wp-block-paragraph\"><strong>RESOLVE:<\/strong><\/p>\n\n\n\n<p class=\"wp-block-paragraph\">Art. 1\u00ba&nbsp; Fica a Diretoria de Administra\u00e7\u00e3o Tribut\u00e1ria &#8211; DIAT autorizada a promover altera\u00e7\u00e3o <strong>ex oficio<\/strong> no endere\u00e7o de correspond\u00eancia dos contribuintes afetados pela recodifica\u00e7\u00e3o processada pela Empresa Brasileira de Correios e Tel\u00e9grafos &#8211; ECT.<\/p>\n\n\n\n<p class=\"wp-block-paragraph\">Art. 2\u00ba&nbsp; Sem preju\u00edzo da medida prevista no artigo anterior, os contribuintes que tiveram o endere\u00e7o de seus estabelecimentos alterados pela recodifica\u00e7\u00e3o, dever\u00e3o promover altera\u00e7\u00e3o cadastral na Secretaria de Estado da Fazenda, mediante a apresenta\u00e7\u00e3o de Ficha de Inscri\u00e7\u00e3o e Atualiza\u00e7\u00e3o Cadastral \u2013 FAC e demais documentos previstos na Portaria 736, de 26 de dezembro de 2011.<\/p>\n\n\n\n<p class=\"wp-block-paragraph\">Par\u00e1grafo \u00fanico.&nbsp; Quando a altera\u00e7\u00e3o no endere\u00e7o importar apenas em mudan\u00e7a do C\u00f3digo de Endere\u00e7amento Postal &#8211; CEP e\/ou do bairro, fica dispensada a apresenta\u00e7\u00e3o dos documentos a que se refere o inc. I do art. 3\u00ba da Portaria 736\/2011.<\/p>\n\n\n\n<p class=\"wp-block-paragraph\">Art. 3\u00ba&nbsp; O Sindicado dos Escrit\u00f3rios de Contabilidade do Estado do Acre \u2013 SESCAP poder\u00e1 protocolar lotes de FAC\u2019s para atualiza\u00e7\u00e3o de endere\u00e7o de contribuintes, desde que:<\/p>\n\n\n\n<p class=\"wp-block-paragraph\">I &#8211; estejam assinadas por pessoa habilitada;<\/p>\n\n\n\n<p class=\"wp-block-paragraph\">II &#8211; sejam restritas a altera\u00e7\u00e3o de CEP e\/ou bairro, sem altera\u00e7\u00e3o do logradouro;<\/p>\n\n\n\n<p class=\"wp-block-paragraph\">III &#8211; apresentem preenchimento unicamente dos seguintes campos:<\/p>\n\n\n\n<ol class=\"wp-block-list\" type=\"a\">\n<li>Inscri\u00e7\u00e3o estadual;<\/li>\n\n\n\n<li>CNPJ;<\/li>\n\n\n\n<li>Raz\u00e3o ou Denomina\u00e7\u00e3o Social;<\/li>\n\n\n\n<li>Endere\u00e7o (bairro e CEP);<\/li>\n<\/ol>\n\n\n\n<p class=\"wp-block-paragraph\">\u00a7 1\u00ba&nbsp; O pedido apresentado pelo SESCAP dever\u00e1 ser acompanhado de planilha\/tabela de rol dos contribuintes, indicados por inscri\u00e7\u00e3o estadual e denomina\u00e7\u00e3o ou raz\u00e3o social.<\/p>\n\n\n\n<p class=\"wp-block-paragraph\">\u00a7 2\u00ba&nbsp; Quando da apresenta\u00e7\u00e3o dos lotes de FAC\u2019s pelo SESCAP, a Divis\u00e3o de Controle das Obriga\u00e7\u00f5es Acess\u00f3rias \u2013 DICOA emitir\u00e1 protocolo preliminar e, ap\u00f3s an\u00e1lise a ser realizada em at\u00e9 quinze dias \u00fateis, emitir\u00e1 protocolo definitivo quanto as que ser\u00e3o processadas, oportunidade em que providenciar\u00e1 a abertura do pertinente processo administrativo e efetivar\u00e1 a devolu\u00e7\u00e3o das que n\u00e3o estiverem de acordo com esta Portaria.<\/p>\n\n\n\n<p class=\"wp-block-paragraph\">\u00a7 3\u00ba&nbsp; Os processos administrativos abertos para processamento dos lotes apresentados pelo SESCAP dever\u00e3o conter na capa a express\u00e3o: \u201cProcessamento em Lote \u2013 SESCAP\u201d.<\/p>\n\n\n\n<p class=\"wp-block-paragraph\">\u00a7 4\u00ba&nbsp; N\u00e3o ser\u00e1 exigido o documento previsto no inc. II do art. 1\u00ba da Portaria n\u00ba 736\/2011 quando a atualiza\u00e7\u00e3o de endere\u00e7o for realizada na forma prevista neste artigo.<\/p>\n\n\n\n<p class=\"wp-block-paragraph\">Art. 4 \u00ba&nbsp; Inexistindo documento para comprova\u00e7\u00e3o do endere\u00e7o, esta poder\u00e1 ser realizada mediante declara\u00e7\u00e3o de endere\u00e7o subscrita pelo respons\u00e1vel legal pela empresa.<\/p>\n\n\n\n<p class=\"wp-block-paragraph\">Art. 5\u00ba&nbsp; A atualiza\u00e7\u00e3o cadastral relativa ao endere\u00e7o na forma estabelecida por esta Portaria dever\u00e1 ser efetuada at\u00e9 trinta de junho de 2013.<\/p>\n\n\n\n<p class=\"wp-block-paragraph\">Par\u00e1grafo \u00fanico.&nbsp; Vencido o prazo previsto no <strong>caput<\/strong>, o contribuinte que esteja com o endere\u00e7o desatualizado:<\/p>\n\n\n\n<p class=\"wp-block-paragraph\">I &#8211; n\u00e3o poder\u00e1 emitir Certid\u00e3o Negativa de D\u00e9bito &#8211; CND pela internet;<\/p>\n\n\n\n<p class=\"wp-block-paragraph\">II &#8211; ficar\u00e1 sujeito \u00e0 penalidade prevista na Lei Complementar n\u00ba 55\/97; e<\/p>\n\n\n\n<p class=\"wp-block-paragraph\">III \u2013 perder\u00e1 o desconto previsto no art. 96-A do Decreto n\u00ba 008\/98.<\/p>\n\n\n\n<p class=\"wp-block-paragraph\">Art. 6\u00ba&nbsp; Esta Portaria entra em vigor na data de sua publica\u00e7\u00e3o, produzindo efeitos at\u00e9 trinta de junho de 2013, exceto quanto ao disposto no art. 1\u00ba, cujos efeitos s\u00e3o a contar de 1\u00ba de dezembro de 2012.<\/p>\n\n\n\n<p class=\"wp-block-paragraph\">Registre-se, publique-se e cumpra-se.<\/p>\n\n\n\n<p class=\"wp-block-paragraph\">Rio Branco-Acre, 18 de janeiro de 2013.<\/p>\n","protected":false},"excerpt":{"rendered":"<p>Fica a Diretoria de Administra\u00e7\u00e3o Tribut\u00e1ria &#8211; DIAT autorizada a promover altera\u00e7\u00e3o ex oficio no endere\u00e7o de correspond\u00eancia dos contribuintes afetados pela recodifica\u00e7\u00e3o processada pela Empresa Brasileira de Correios e Tel\u00e9grafos &#8211; ECT.<\/p>\n","protected":false},"author":5,"featured_media":0,"comment_status":"closed","ping_status":"closed","sticky":false,"template":"","format":"standard","meta":{"_acf_changed":false,"footnotes":""},"categories":[3,33],"tags":[35],"class_list":["post-13237","post","type-post","status-publish","format-standard","hentry","category-legislacao","category-portarias","tag-icms"],"acf":[],"_links":{"self":[{"href":"https:\/\/sefaz.ac.gov.br\/2021\/index.php?rest_route=\/wp\/v2\/posts\/13237","targetHints":{"allow":["GET"]}}],"collection":[{"href":"https:\/\/sefaz.ac.gov.br\/2021\/index.php?rest_route=\/wp\/v2\/posts"}],"about":[{"href":"https:\/\/sefaz.ac.gov.br\/2021\/index.php?rest_route=\/wp\/v2\/types\/post"}],"author":[{"embeddable":true,"href":"https:\/\/sefaz.ac.gov.br\/2021\/index.php?rest_route=\/wp\/v2\/users\/5"}],"replies":[{"embeddable":true,"href":"https:\/\/sefaz.ac.gov.br\/2021\/index.php?rest_route=%2Fwp%2Fv2%2Fcomments&post=13237"}],"version-history":[{"count":0,"href":"https:\/\/sefaz.ac.gov.br\/2021\/index.php?rest_route=\/wp\/v2\/posts\/13237\/revisions"}],"wp:attachment":[{"href":"https:\/\/sefaz.ac.gov.br\/2021\/index.php?rest_route=%2Fwp%2Fv2%2Fmedia&parent=13237"}],"wp:term":[{"taxonomy":"category","embeddable":true,"href":"https:\/\/sefaz.ac.gov.br\/2021\/index.php?rest_route=%2Fwp%2Fv2%2Fcategories&post=13237"},{"taxonomy":"post_tag","embeddable":true,"href":"https:\/\/sefaz.ac.gov.br\/2021\/index.php?rest_route=%2Fwp%2Fv2%2Ftags&post=13237"}],"curies":[{"name":"wp","href":"https:\/\/api.w.org\/{rel}","templated":true}]}}