{"id":13228,"date":"2012-09-12T13:36:30","date_gmt":"2012-09-12T16:36:30","guid":{"rendered":"http:\/\/sefaz.acre.gov.br:80\/2021\/?p=13228"},"modified":"2023-04-26T09:38:27","modified_gmt":"2023-04-26T12:38:27","slug":"portaria-no-611-de-12-de-setembro-de-2012","status":"publish","type":"post","link":"https:\/\/sefaz.ac.gov.br\/2021\/?p=13228","title":{"rendered":"PORTARIA N\u00ba 611, DE 12 DE SETEMBRO DE 2012"},"content":{"rendered":"\n<p class=\"wp-block-paragraph\"><strong>O SECRET\u00c1RIO DE ESTADO DA FAZENDA<\/strong>, no uso da atribui\u00e7\u00e3o que lhe confere o art. 25, III do Regimento Interno da Secretaria de Estado da Fazenda, aprovado pelo Decreto n.\u00ba 183, de 6 de outubro de 1975,<\/p>\n\n\n\n<p class=\"wp-block-paragraph\"><strong>CONSIDERANDO<\/strong>, ainda, o disposto no art. 518 do Decreto n\u00ba 008, de 26 de janeiro de 1998, que regulamenta o ICMS no Estado do Acre,<\/p>\n\n\n\n<p class=\"wp-block-paragraph\"><strong>CONSIDERANDO<\/strong> que no dia 10 (dez) do m\u00eas de setembro do corrente ano, problemas t\u00e9cnicos relacionados \u00e0 internet comprometeram a entrega do Demonstrativo de Apura\u00e7\u00e3o Mensal \u2013 DAM, para recolhimento do ICMS relacionados aos fatos geradores do m\u00eas de agosto,<\/p>\n\n\n\n<p class=\"wp-block-paragraph\"><strong>RESOLVE:<\/strong><\/p>\n\n\n\n<p class=\"wp-block-paragraph\">Art. 1\u00ba&nbsp; Em car\u00e1ter excepcional, para fins de cumprimento do disposto na al\u00ednea \u201ca\u201d do inciso II do art. 93, do Regulamento do ICMS, institu\u00eddo pelo Decreto 008, de 26 de janeiro de 1998, o prazo para entrega do Demonstrativo de Apura\u00e7\u00e3o Mensal &#8211; DAM, com o respectivo recolhimento do imposto, referente aos fatos geradores do m\u00eas de agosto, fica prorrogado at\u00e9 o dia 19 (dezenove) de setembro de 2012.<\/p>\n\n\n\n<p class=\"wp-block-paragraph\">Art. 2\u00ba&nbsp; Esta Portaria entrara em vigor na data de sua publica\u00e7\u00e3o, retroagindo seus efeitos a contar de 10 (dez) de setembro.<\/p>\n\n\n\n<p class=\"wp-block-paragraph\">Art. 3\u00ba&nbsp; Registre-se, publique-se e cumpra-se.<\/p>\n\n\n\n<p class=\"wp-block-paragraph\">&nbsp;Rio Branco-Acre, 12 de setembro de 2012.<\/p>\n","protected":false},"excerpt":{"rendered":"<p>Prorroga o prazo para recolhimento do ICMS referente aos fatos geradores do m\u00eas de agosto.<\/p>\n","protected":false},"author":5,"featured_media":0,"comment_status":"closed","ping_status":"closed","sticky":false,"template":"","format":"standard","meta":{"_acf_changed":false,"footnotes":""},"categories":[3,33],"tags":[89,35],"class_list":["post-13228","post","type-post","status-publish","format-standard","hentry","category-legislacao","category-portarias","tag-dam","tag-icms"],"acf":[],"_links":{"self":[{"href":"https:\/\/sefaz.ac.gov.br\/2021\/index.php?rest_route=\/wp\/v2\/posts\/13228","targetHints":{"allow":["GET"]}}],"collection":[{"href":"https:\/\/sefaz.ac.gov.br\/2021\/index.php?rest_route=\/wp\/v2\/posts"}],"about":[{"href":"https:\/\/sefaz.ac.gov.br\/2021\/index.php?rest_route=\/wp\/v2\/types\/post"}],"author":[{"embeddable":true,"href":"https:\/\/sefaz.ac.gov.br\/2021\/index.php?rest_route=\/wp\/v2\/users\/5"}],"replies":[{"embeddable":true,"href":"https:\/\/sefaz.ac.gov.br\/2021\/index.php?rest_route=%2Fwp%2Fv2%2Fcomments&post=13228"}],"version-history":[{"count":0,"href":"https:\/\/sefaz.ac.gov.br\/2021\/index.php?rest_route=\/wp\/v2\/posts\/13228\/revisions"}],"wp:attachment":[{"href":"https:\/\/sefaz.ac.gov.br\/2021\/index.php?rest_route=%2Fwp%2Fv2%2Fmedia&parent=13228"}],"wp:term":[{"taxonomy":"category","embeddable":true,"href":"https:\/\/sefaz.ac.gov.br\/2021\/index.php?rest_route=%2Fwp%2Fv2%2Fcategories&post=13228"},{"taxonomy":"post_tag","embeddable":true,"href":"https:\/\/sefaz.ac.gov.br\/2021\/index.php?rest_route=%2Fwp%2Fv2%2Ftags&post=13228"}],"curies":[{"name":"wp","href":"https:\/\/api.w.org\/{rel}","templated":true}]}}