{"id":13223,"date":"2012-08-23T13:35:07","date_gmt":"2012-08-23T16:35:07","guid":{"rendered":"http:\/\/sefaz.acre.gov.br:80\/2021\/?p=13223"},"modified":"2026-04-01T12:19:41","modified_gmt":"2026-04-01T15:19:41","slug":"portaria-no-542-de-23-de-agosto-de-2012","status":"publish","type":"post","link":"https:\/\/sefaz.ac.gov.br\/2021\/?p=13223","title":{"rendered":"PORTARIA N\u00ba 542, DE 23 DE AGOSTO DE 2012"},"content":{"rendered":"\r\n<p class=\"wp-block-paragraph\"><strong>O SECRET\u00c1RIO DE ESTADO DA FAZENDA<\/strong>, no uso da atribui\u00e7\u00e3o que lhe confere o art. 65, do Regimento Interno da Secretaria de Estado da Fazenda, aprovado pelo Decreto n.\u00ba 183, de 6 de outubro de 1975,<\/p>\r\n\r\n\r\n\r\n<p class=\"wp-block-paragraph\"><strong>CONSIDERANDO<\/strong> o disposto no Decreto 2.453, de 19 de agosto de 2011;<\/p>\r\n\r\n\r\n\r\n<p class=\"wp-block-paragraph\"><strong>CONSIDERANDO<\/strong> a necessidade de aprimorar o atendimento ao contribuinte por meio de servi\u00e7os fazend\u00e1rios dispon\u00edveis no s\u00edtio eletr\u00f4nico da Ag\u00eancia Virtual da Secretaria de Estado da Fazenda \u2013 SEFAZ,<\/p>\r\n\r\n\r\n\r\n<p class=\"wp-block-paragraph\"><strong>RESOLVE:<\/strong><\/p>\r\n\r\n\r\n\r\n<p class=\"wp-block-paragraph\">Art. 1\u00ba\u00a0 A disponibiliza\u00e7\u00e3o e o acesso aos servi\u00e7os da Ag\u00eancia Virtual da Secretaria de Estado da Fazenda observar\u00e1 o disposto nesta Portaria.<\/p>\r\n\r\n\r\n\r\n<p class=\"wp-block-paragraph\">\u00a7 1\u00ba\u00a0 A Ag\u00eancia Virtual receber\u00e1 na p\u00e1gina da Sefaz na internet a denomina\u00e7\u00e3o de \u201cSefaz Online\u201d, tendo como objetivo propiciar atendimento de forma interativa.<\/p>\r\n\r\n\r\n\r\n<p class=\"wp-block-paragraph\">\u00a7 2\u00ba A Ag\u00eancia virtual poder\u00e1 ser acessada diretamente no endere\u00e7o <a href=\"https:\/\/sefazonline.ac.gov.br\/\">www.sefaznet.acre.gov.br\/sefazonline<\/a> ou atrav\u00e9s do link disponibilizado no s\u00edtio da Sefaz no endere\u00e7o <a href=\"http:\/\/www.sefaz.ac.gov.br\/\">www.sefaz.ac.gov.br<\/a>.<\/p>\r\n\r\n\r\n\r\n<p class=\"wp-block-paragraph\">\u00a7 3\u00ba\u00a0 A \u00e1rea restrita da Ag\u00eancia Virtual ser\u00e1 acessada mediante identifica\u00e7\u00e3o por CPF e senha alfanum\u00e9rica, pessoal e intransfer\u00edvel, a ser cadastrada para o autorizado nos termos desta Portaria.<\/p>\r\n\r\n\r\n\r\n<p class=\"wp-block-paragraph\">Art. 2\u00ba \u00a0Ser\u00e3o disponibilizados na Ag\u00eancia Virtual os seguintes servi\u00e7os:<\/p>\r\n\r\n\r\n\r\n<p class=\"wp-block-paragraph\">I &#8211; consulta \u00e0 movimenta\u00e7\u00e3o do Conta-Corrente Fiscal e impress\u00e3o dos documentos relacionados aos d\u00e9bitos;<\/p>\r\n\r\n\r\n\r\n<p class=\"wp-block-paragraph\">II &#8211; entrega e consulta do Demonstrativo de Apura\u00e7\u00e3o Mensal \u2013 DAM;<\/p>\r\n\r\n\r\n\r\n<p class=\"wp-block-paragraph\">III &#8211; consulta ao tr\u00e2mite de Processos Administrativos;<\/p>\r\n\r\n\r\n\r\n<p class=\"wp-block-paragraph\">IV &#8211; consulta \u00e0 situa\u00e7\u00e3o fiscal do contribuinte, para efeitos de aplica\u00e7\u00e3o do disposto no art. 96-A do Decreto 008\/98, acrescentado pelo Decreto 1.760, de 29 de abril de 2011;<\/p>\r\n\r\n\r\n\r\n<p class=\"wp-block-paragraph\">V &#8211; emiss\u00e3o do Documento de Arrecada\u00e7\u00e3o Estadual &#8211; DAE On-line;<\/p>\r\n\r\n\r\n\r\n<p class=\"wp-block-paragraph\">VI &#8211; consulta ao Sistema de Informa\u00e7\u00f5es sobre Opera\u00e7\u00f5es Interestaduais com Mercadorias e Servi\u00e7os &#8211; SINTEGRA;<\/p>\r\n\r\n\r\n\r\n<p class=\"wp-block-paragraph\">VII &#8211; emiss\u00e3o, reimpress\u00e3o e valida\u00e7\u00e3o de Certid\u00e3o Negativa de D\u00e9bito \u2013 CND;<\/p>\r\n\r\n\r\n\r\n<p class=\"wp-block-paragraph\">VIII &#8211; consulta e <strong>download <\/strong>de Nota Fiscal Eletr\u00f4nica \u2013 NF-e emitida e recebida;<\/p>\r\n\r\n\r\n\r\n<p class=\"wp-block-paragraph\">IX &#8211; consulta e <strong>download<\/strong> de Conhecimento de Transporte Eletr\u00f4nico \u2013 CT-e emitido e recebido;<\/p>\r\n\r\n\r\n\r\n<p class=\"wp-block-paragraph\">X &#8211; altera\u00e7\u00e3o cadastral e baixa de Inscri\u00e7\u00e3o Estadual mediante Ficha de Inscri\u00e7\u00e3o e Atualiza\u00e7\u00e3o Cadastral &#8211; FAC on-line.<\/p>\r\n\r\n\r\n\r\n<p class=\"wp-block-paragraph\">\u00a7 1\u00ba\u00a0 Os servi\u00e7os constantes dos incisos I, II, III, IV, VIII, IX e X ser\u00e3o disponibilizados apenas na \u00e1rea restrita, e os demais ser\u00e3o disponibilizados tanto na \u00e1rea p\u00fablica quanto na \u00e1rea restrita.<\/p>\r\n\r\n\r\n\r\n<p class=\"wp-block-paragraph\">\u00a7 2\u00ba\u00a0 Os servi\u00e7os poder\u00e3o ser interrompidos a qualquer tempo por raz\u00f5es de seguran\u00e7a, por motivo de ordem t\u00e9cnica ou por interesse da SEFAZ.<\/p>\r\n\r\n\r\n\r\n<p class=\"wp-block-paragraph\">Art. 3\u00ba \u00a0Poder\u00e1 ser habilitado para acesso \u00e0 \u00e1rea restrita da Ag\u00eancia Virtual o representante ou procurador do estabelecimento.<\/p>\r\n\r\n\r\n\r\n<p class=\"wp-block-paragraph\">\u00a7 1\u00ba \u00a0Para efeitos desta Portaria, considera-se:<\/p>\r\n\r\n\r\n\r\n<p class=\"wp-block-paragraph\">I &#8211; representante: pessoa f\u00edsica com poderes de administra\u00e7\u00e3o do estabelecimento constante do Cadastro de Contribuintes do Estado do Acre, na qualidade de s\u00f3cio, titular ou administrador;<\/p>\r\n\r\n\r\n\r\n<p class=\"wp-block-paragraph\">II &#8211; procurador: pessoa f\u00edsica com poderes outorgados pelo representante, mediante procura\u00e7\u00e3o, para acesso \u00e0 Ag\u00eancia Virtual;<\/p>\r\n\r\n\r\n\r\n<p class=\"wp-block-paragraph\">III &#8211; autorizado: representante ou procurador habilitado para acesso aos servi\u00e7os da \u00e1rea restrita da Ag\u00eancia Virtual.<\/p>\r\n\r\n\r\n\r\n<p class=\"wp-block-paragraph\">\u00a7 2\u00ba \u00a0O autorizado \u00e9 respons\u00e1vel pela utiliza\u00e7\u00e3o e guarda da sua senha de acesso.<\/p>\r\n\r\n\r\n\r\n<p class=\"wp-block-paragraph\">Art. 4\u00ba\u00a0 Para habilita\u00e7\u00e3o de autorizado, o interessado dever\u00e1 comparecer a Ag\u00eancia Fazend\u00e1ria de seu domic\u00edlio, solicitar e assinar o \u201cTermo de Credenciamento de Acesso a \u00c1rea Restrita da Ag\u00eancia Virtual\u201d, conforme Anexo \u00danico, munido dos seguintes documentos:<\/p>\r\n\r\n\r\n\r\n<p class=\"wp-block-paragraph\">I &#8211; c\u00f3pia e original do documento de identidade e CPF;<\/p>\r\n\r\n\r\n\r\n<p class=\"wp-block-paragraph\">II &#8211; original da procura\u00e7\u00e3o p\u00fablica ou particular com firma reconhecida, no caso de procurador, que ser\u00e1 retida no processo;<\/p>\r\n\r\n\r\n\r\n<p class=\"wp-block-paragraph\">III &#8211; c\u00f3pia do contrato social atualizado, autenticada ou acompanhada do original para confer\u00eancia.<\/p>\r\n\r\n\r\n\r\n<p class=\"wp-block-paragraph\">\u00a7 1\u00ba \u00a0As pend\u00eancias ou restri\u00e7\u00f5es cadastrais, inclusive relacionadas \u00e0 desatualiza\u00e7\u00e3o do quadro societ\u00e1rio, dever\u00e3o ser corrigidas antes da habilita\u00e7\u00e3o do autorizado.<\/p>\r\n\r\n\r\n\r\n<p class=\"wp-block-paragraph\">\u00a7 2\u00ba \u00a0A procura\u00e7\u00e3o de que trata este artigo dever\u00e1 conter a discrimina\u00e7\u00e3o dos servi\u00e7os que poder\u00e3o ser acessados, dentre os mencionados no \u00a7 1\u00ba do art. 2\u00ba.<\/p>\r\n\r\n\r\n\r\n<p class=\"wp-block-paragraph\">\u00a7 3\u00ba \u00a0O servidor fazend\u00e1rio dever\u00e1 formalizar processo administrativo de habilita\u00e7\u00e3o, instru\u00eddo com os documentos de que trata este artigo, oportunidade em que verificar\u00e1 se a procura\u00e7\u00e3o foi outorgada pelo representante definido no inc. I, do \u00a7 1\u00ba do art. 3\u00ba desta Portaria.<\/p>\r\n\r\n\r\n\r\n<p class=\"wp-block-paragraph\">\u00a7 4\u00ba \u00a0N\u00e3o ser\u00e1 exigido pagamento da taxa de servi\u00e7o no processo administrativo de habilita\u00e7\u00e3o ou desabilita\u00e7\u00e3o de autorizado.<\/p>\r\n\r\n\r\n\r\n<p class=\"wp-block-paragraph\">Art. 5\u00ba \u00a0O autorizado ser\u00e1 desabilitado nas seguintes situa\u00e7\u00f5es:<\/p>\r\n\r\n\r\n\r\n<p class=\"wp-block-paragraph\">I &#8211; no caso de representante, quando deixar de integrar o quadro societ\u00e1rio ou de figurar como administrador no Cadastro de Contribuintes do Estado do Acre;<\/p>\r\n\r\n\r\n\r\n<p class=\"wp-block-paragraph\">II &#8211; no caso de procurador, quando expirar a data de validade fixada na procura\u00e7\u00e3o ou mediante pedido do representante;<\/p>\r\n\r\n\r\n\r\n<p class=\"wp-block-paragraph\">III &#8211; a pedido;<\/p>\r\n\r\n\r\n\r\n<p class=\"wp-block-paragraph\">IV &#8211; no interesse da SEFAZ.<\/p>\r\n\r\n\r\n\r\n<p class=\"wp-block-paragraph\">Par\u00e1grafo \u00fanico.\u00a0 \u00c9 de responsabilidade do representante comunicar \u00e0 SEFAZ qualquer ato referente \u00e0 cessa\u00e7\u00e3o dos poderes outorgados ao procurador ou altera\u00e7\u00e3o do administrador constante do Cadastro de Contribuintes do Estado.<\/p>\r\n\r\n\r\n\r\n<p class=\"wp-block-paragraph\">Art. 6\u00ba <strong>\u00a0<\/strong>O autorizado \u00e9 respons\u00e1vel por todos os atos praticados perante a SEFAZ com a senha de acesso cadastrada, devendo adotar as medidas necess\u00e1rias para garantir sua confidencialidade e dos dados a que tem acesso, e efetuar imediatamente a substitui\u00e7\u00e3o, em caso de comprometimento da seguran\u00e7a.<\/p>\r\n\r\n\r\n\r\n<p class=\"wp-block-paragraph\">Art. 7\u00ba\u00a0 Havendo altera\u00e7\u00e3o no regulamento de acesso \u00e0 Ag\u00eancia virtual, o autorizado fica imediatamente vinculado \u00e0s novas normas que vierem a vigorar, facultada a desabilita\u00e7\u00e3o nos termos do inc. III do art. 5\u00ba e observado o \u00a7 2\u00ba do art. 4\u00ba.<\/p>\r\n\r\n\r\n\r\n<p class=\"wp-block-paragraph\">Art. 8\u00ba\u00a0 Ser\u00e1 mantido hist\u00f3rico dos eventos de habilita\u00e7\u00e3o, altera\u00e7\u00e3o e desabilita\u00e7\u00e3o de autorizado, bem como dos acessos \u00e0 \u00e1rea restrita e dos respectivos servi\u00e7os utilizados.<\/p>\r\n\r\n\r\n\r\n<p class=\"wp-block-paragraph\">Art. 9\u00ba\u00a0 Esta Portaria entra em vigor na data de sua publica\u00e7\u00e3o.<\/p>\r\n\r\n\r\n\r\n<p class=\"wp-block-paragraph\">Art. 10.\u00a0 Registre-se, publique-se e cumpra-se.<\/p>\r\n\r\n\r\n\r\n<p class=\"wp-block-paragraph\">Rio Branco \u2013 Acre, 23 de agosto de 2012.<\/p>\r\n","protected":false},"excerpt":{"rendered":"<p>Disciplina o acesso aos servi\u00e7os da Ag\u00eancia Virtual da Secretaria de Estado da Fazenda. <\/p>\n","protected":false},"author":5,"featured_media":0,"comment_status":"closed","ping_status":"closed","sticky":false,"template":"","format":"standard","meta":{"_acf_changed":false,"footnotes":""},"categories":[3,33],"tags":[73],"class_list":["post-13223","post","type-post","status-publish","format-standard","hentry","category-legislacao","category-portarias","tag-legislacao-institucional-e-funcional"],"acf":[],"_links":{"self":[{"href":"https:\/\/sefaz.ac.gov.br\/2021\/index.php?rest_route=\/wp\/v2\/posts\/13223","targetHints":{"allow":["GET"]}}],"collection":[{"href":"https:\/\/sefaz.ac.gov.br\/2021\/index.php?rest_route=\/wp\/v2\/posts"}],"about":[{"href":"https:\/\/sefaz.ac.gov.br\/2021\/index.php?rest_route=\/wp\/v2\/types\/post"}],"author":[{"embeddable":true,"href":"https:\/\/sefaz.ac.gov.br\/2021\/index.php?rest_route=\/wp\/v2\/users\/5"}],"replies":[{"embeddable":true,"href":"https:\/\/sefaz.ac.gov.br\/2021\/index.php?rest_route=%2Fwp%2Fv2%2Fcomments&post=13223"}],"version-history":[{"count":2,"href":"https:\/\/sefaz.ac.gov.br\/2021\/index.php?rest_route=\/wp\/v2\/posts\/13223\/revisions"}],"predecessor-version":[{"id":24079,"href":"https:\/\/sefaz.ac.gov.br\/2021\/index.php?rest_route=\/wp\/v2\/posts\/13223\/revisions\/24079"}],"wp:attachment":[{"href":"https:\/\/sefaz.ac.gov.br\/2021\/index.php?rest_route=%2Fwp%2Fv2%2Fmedia&parent=13223"}],"wp:term":[{"taxonomy":"category","embeddable":true,"href":"https:\/\/sefaz.ac.gov.br\/2021\/index.php?rest_route=%2Fwp%2Fv2%2Fcategories&post=13223"},{"taxonomy":"post_tag","embeddable":true,"href":"https:\/\/sefaz.ac.gov.br\/2021\/index.php?rest_route=%2Fwp%2Fv2%2Ftags&post=13223"}],"curies":[{"name":"wp","href":"https:\/\/api.w.org\/{rel}","templated":true}]}}